{"id":8730,"date":"2021-06-22T13:18:09","date_gmt":"2021-06-22T16:18:09","guid":{"rendered":"http:\/\/dgospel.com.br\/portal\/?p=8730"},"modified":"2021-06-22T13:18:11","modified_gmt":"2021-06-22T16:18:11","slug":"assembleia-de-deus-celebra-110-anos-no-brasil-e-inaugura-museu-comemorativo","status":"publish","type":"post","link":"https:\/\/dgospel.com.br\/portal\/index.php\/2021\/06\/22\/assembleia-de-deus-celebra-110-anos-no-brasil-e-inaugura-museu-comemorativo\/","title":{"rendered":"Assembleia de Deus celebra 110 anos no Brasil e inaugura museu comemorativo"},"content":{"rendered":"\n<p>A Assembleia de Deus completa mais de um s\u00e9culo de hist\u00f3ria no Brasil. S\u00e3o 110 anos de funda\u00e7\u00e3o e, para celebrar, a Conven\u00e7\u00e3o Geral das Assembleias de Deus no Brasil (CGADB) organizou a Semana de Gratid\u00e3o a Deus, de 14 a 18 de junho.<\/p>\n\n\n\n<p>Houve comemora\u00e7\u00e3o nas cidades de S\u00e3o Paulo, Natal, Cuiab\u00e1, Curitiba e Bel\u00e9m com transmiss\u00e3o, ao vivo, pelo YouTube e tamb\u00e9m pelas redes sociais da denomina\u00e7\u00e3o. A AD \u00e9 maior denomina\u00e7\u00e3o evang\u00e9lica do Pa\u00eds com 30 milh\u00f5es de fieis e com mais de 380 mil templos.<\/p>\n\n\n\n<p>O Pr. Jos\u00e9 Wellington Bezerra da Costa Jr., presidente da CGAD, agradeceu a presen\u00e7a de todos nos cultos, mas lamentou a aus\u00eancia do Pr. Jos\u00e9 Wellington Bezerra da Costa nas celebra\u00e7\u00f5es, devido \u00e0 recente alta hospitalar,&nbsp;<strong><a href=\"https:\/\/folhagospel.com\/pastor-jose-wellington-vence-a-covid-19-e-recebe-alta-medica\/\" target=\"_blank\" rel=\"noreferrer noopener\">ap\u00f3s 28 dias de interna\u00e7\u00e3o<\/a><\/strong>, para tratar de complica\u00e7\u00f5es da Covid-19. Em sua palavra, Pr. Wellington Jr destacou que Jesus salva, cura, batiza no Esp\u00edrito Santo e, em breve, voltar\u00e1.<\/p>\n\n\n\n<p>\u201cFoi essa mensagem, que parece simples que os nossos pioneiros, Daniel Berger e Gunnar Vingren, trouxeram para o Brasil. Eles deixaram fam\u00edlia e o frio do seu pa\u00eds. Vieram para Bel\u00e9m, no Par\u00e1, trazendo a chama do Esp\u00edrito Santo, alcan\u00e7ando milh\u00f5es de brasileiros\u201d, enfatizou o Pr. Wellington Jr.<\/p>\n\n\n\n<p>Ele agradeceu a Deus pelos 110 anos de pentecostalismo no Pa\u00eds, destacando que de norte a sul do Brasil o Evangelho Pentecostal est\u00e1 sendo anunciado. \u201cCabe a n\u00f3s, que o recebemos, enquanto Jesus n\u00e3o voltar, passarmos essa tocha para as futuras gera\u00e7\u00f5es\u201d.<\/p>\n\n\n\n<p><strong>O in\u00edcio da Assembleia de Deus<\/strong><\/p>\n\n\n\n<p>Os suecos Daniel Berger e Gunnar Vingren chegaram ao Brasil, em Bel\u00e9m do Par\u00e1, em 19 de novembro de 1910. Ningu\u00e9m imaginava que aqueles dois jovens suecos iniciariam um movimento que alteraria profundamente o perfil religioso e at\u00e9 social do Brasil por meio da prega\u00e7\u00e3o de Jesus Cristo. As igrejas existentes na \u00e9poca \u2013 Batista de Bel\u00e9m do Par\u00e1, Presbiteriana, Anglicana e Metodista \u2013 ficaram bastante incomodadas com a nova doutrina dos mission\u00e1rios.<\/p>\n\n\n\n<p>A irm\u00e3 Celina de Albuquerque, na madrugada do dia 18 de junho de 1911, foi a primeira crente a receber o batismo no Esp\u00edrito Santo , o que n\u00e3o demorou a ocorrer tamb\u00e9m com outros irm\u00e3os. O clima ficou tenso naquela comunidade. Resultado: eles e mais dezenove irm\u00e3os acabaram sendo desligados da Igreja Batista. Convictos, fundaram a Miss\u00e3o de F\u00e9 Apost\u00f3lica, em 18 de junho de 1911, que, mais tarde, em 1918, ficou conhecida como Assembleia de Deus.<\/p>\n\n\n\n\n\n<p><strong>Museu da Assembleia de Deus<\/strong><\/p>\n\n\n\n<p>O novo museu da Assembleia de Deus foi inaugurado neste s\u00e1bado (19), em Bel\u00e9m do Par\u00e1 (PA), como parte das comemora\u00e7\u00f5es do anivers\u00e1rio dos 110 anos da Assembleia de Deus, fundada na cidade pelos mission\u00e1rios suecos Daniel Berg e Gunnar Vingren.<\/p>\n\n\n\n<p>O evento de inaugura\u00e7\u00e3o contou com uma restitui\u00e7\u00e3o teatral da chegada dos pioneiros ao Brasil, no Porto de Bel\u00e9m. Os participantes do evento estavam vestidos com roupas da \u00e9poca da funda\u00e7\u00e3o da igreja, como uma forma de homenagear a hist\u00f3ria da denomina\u00e7\u00e3o pentecostal.<\/p>\n\n\n\n<p>Localizado anteriormente no bairro da Campina, de 2011 a 2020, o museu da AD foi transferido para o bairro Nazar\u00e9 num pr\u00e9dio hist\u00f3rico, que foi revitalizado. O espa\u00e7o re\u00fane pe\u00e7as que marcaram os mais de um s\u00e9culo de hist\u00f3ria da igreja pentecostal no Brasil e j\u00e1 est\u00e1 aberto para visita\u00e7\u00e3o.<\/p>\n\n\n\n<figure class=\"wp-block-image\"><img src=\"https:\/\/thumbor.guiame.com.br\/unsafe\/840x500\/top\/smart\/https:\/\/media.guiame.com.br\/archives\/2021\/06\/21\/2398776292-ad-brasil.jpg\" alt=\"Comemorando seus 110 anos, a AD em Bel\u00e9m do Par\u00e1 inaugurou o novo Museu da Assembleia de Deus. (Foto: Divulga\u00e7\u00e3o).\"\/><figcaption>Comemorando seus 110 anos, a AD em Bel\u00e9m do Par\u00e1 inaugurou o novo Museu da Assembleia de Deus. (Foto: Divulga\u00e7\u00e3o).<\/figcaption><\/figure>\n\n\n\n<p>Entre as pe\u00e7as hist\u00f3ricas, est\u00e3o documentos, livros, instrumentos musicais, objetos pessoais, pinturas e fotografias numa linha de tempo da denomina\u00e7\u00e3o em Bel\u00e9m do Par\u00e1, no Brasil e no exterior. O Museu conta tamb\u00e9m com materiais doados pela fam\u00edlia dos pioneiros.<\/p>\n\n\n\n<p>O acervo do museu conta com pe\u00e7as hist\u00f3ricas da \u00e9poca dos pioneiros. Como os ba\u00fas dos mission\u00e1rios Samuel Nystr\u00f6m e Nels Nelson, jarra lit\u00fargicas raras utilizadas em cerimoniais, exemplares das primeiras revistas da Escola B\u00edblica Dominical, e o contrabaixo ac\u00fastico da primeira orquestra da Assembleia de Deus em terras brasileiras.<\/p>\n\n\n\n<p>No museu est\u00e1 tamb\u00e9m a primeira edi\u00e7\u00e3o da partitura da Harpa Crist\u00e3, o hin\u00e1rio oficial das Assembleias de Deus no Brasil, lan\u00e7ado em 1922, inicialmente organizado pelo mission\u00e1rio Samuel Nystr\u00f6m e posteriormente traduzido e editado pelo pastor Paulo Leivas Macal\u00e3o.<\/p>\n\n\n\n<p>Tamb\u00e9m faz parte do acervo, a b\u00fassola do barco Boas Novas, doado em 1914 por um fazendeiro no Maraj\u00f3, local onde foi estabelecido o primeiro trabalho evangel\u00edstico itinerante de Daniel Berg, ap\u00f3s chegar em Bel\u00e9m. O barco foi o primeiro ve\u00edculo usado pela Assembleia de Deus no Brasil para evangeliza\u00e7\u00e3o.<\/p>\n\n\n\n<p><strong>Fonte: Guia-me e Comunh\u00e3o<\/strong><\/p>\n","protected":false},"excerpt":{"rendered":"<p>A Assembleia de Deus completa mais de um s\u00e9culo de hist\u00f3ria no Brasil. S\u00e3o 110 anos de funda\u00e7\u00e3o e, para celebrar, a Conven\u00e7\u00e3o Geral das Assembleias de Deus no Brasil (CGADB) organizou a Semana de Gratid\u00e3o a Deus, de 14 a 18 de junho. Houve comemora\u00e7\u00e3o nas cidades de S\u00e3o Paulo, Natal, Cuiab\u00e1, Curitiba e [&hellip;]<\/p>\n","protected":false},"author":2,"featured_media":8731,"comment_status":"open","ping_status":"open","sticky":false,"template":"","format":"standard","meta":[],"categories":[5],"tags":[13,14],"_links":{"self":[{"href":"https:\/\/dgospel.com.br\/portal\/index.php\/wp-json\/wp\/v2\/posts\/8730"}],"collection":[{"href":"https:\/\/dgospel.com.br\/portal\/index.php\/wp-json\/wp\/v2\/posts"}],"about":[{"href":"https:\/\/dgospel.com.br\/portal\/index.php\/wp-json\/wp\/v2\/types\/post"}],"author":[{"embeddable":true,"href":"https:\/\/dgospel.com.br\/portal\/index.php\/wp-json\/wp\/v2\/users\/2"}],"replies":[{"embeddable":true,"href":"https:\/\/dgospel.com.br\/portal\/index.php\/wp-json\/wp\/v2\/comments?post=8730"}],"version-history":[{"count":1,"href":"https:\/\/dgospel.com.br\/portal\/index.php\/wp-json\/wp\/v2\/posts\/8730\/revisions"}],"predecessor-version":[{"id":8732,"href":"https:\/\/dgospel.com.br\/portal\/index.php\/wp-json\/wp\/v2\/posts\/8730\/revisions\/8732"}],"wp:featuredmedia":[{"embeddable":true,"href":"https:\/\/dgospel.com.br\/portal\/index.php\/wp-json\/wp\/v2\/media\/8731"}],"wp:attachment":[{"href":"https:\/\/dgospel.com.br\/portal\/index.php\/wp-json\/wp\/v2\/media?parent=8730"}],"wp:term":[{"taxonomy":"category","embeddable":true,"href":"https:\/\/dgospel.com.br\/portal\/index.php\/wp-json\/wp\/v2\/categories?post=8730"},{"taxonomy":"post_tag","embeddable":true,"href":"https:\/\/dgospel.com.br\/portal\/index.php\/wp-json\/wp\/v2\/tags?post=8730"}],"curies":[{"name":"wp","href":"https:\/\/api.w.org\/{rel}","templated":true}]}}