{"id":8733,"date":"2021-06-22T13:25:17","date_gmt":"2021-06-22T16:25:17","guid":{"rendered":"http:\/\/dgospel.com.br\/portal\/?p=8733"},"modified":"2021-06-22T13:25:19","modified_gmt":"2021-06-22T16:25:19","slug":"lideres-evangelicos-se-irritam-com-encontro-de-lula-com-bispo-da-assembleia-de-deus","status":"publish","type":"post","link":"https:\/\/dgospel.com.br\/portal\/index.php\/2021\/06\/22\/lideres-evangelicos-se-irritam-com-encontro-de-lula-com-bispo-da-assembleia-de-deus\/","title":{"rendered":"L\u00edderes evang\u00e9licos se irritam com encontro de Lula com bispo da Assembleia de Deus"},"content":{"rendered":"\n<p>Uma foto de Manoel Ferreira, bispo primaz de uma das mais poderosas ramifica\u00e7\u00f5es da Assembleia de Deus, o Minist\u00e9rio Madureira, entre Lula e outro petista agitou os bastidores evang\u00e9licos.<\/p>\n\n\n\n<p>A imagem \u2014com Manoel, Lula e Andr\u00e9 Ceciliano (PT), presidente da Assembleia Legislativa do Rio de Janeiro\u2014 foi compartilhada na quarta (16) por Anthony Garotinho, ex-governador do Rio e primeiro presidenci\u00e1vel evang\u00e9lico competitivo que o pa\u00eds teve, em 2002. Naquele pleito, quem venceu foi o PT, e com apoio de nomes evang\u00e9licos que hoje se dizem al\u00e9rgicos ao partido, como o pastor Silas Malafaia e o bispo Edir Macedo.<\/p>\n\n\n\n<p>O encontro ocorreu duas semanas atr\u00e1s, na v\u00e9spera do feriado de Corpus Christi, no s\u00edtio de Ceciliano, em Mendes (RJ). Lula se hospedou ali durante seu tour pelo Rio. O convite partiu do presidente da Assembleia do Rio, que \u00e9 padrinho pol\u00edtico do vereador J\u00fanior Martins, do PT de Japeri (RJ). J\u00fanior \u00e9 evangelista e trabalhou por 15 anos com Manoel, tendo sido seu assessor na C\u00e2mara dos Deputados.<\/p>\n\n\n\n<p>O vereador diz que o ex-presidente manifestou o desejo de ter um vice evang\u00e9lico na chapa para 2022. Ainda segundo J\u00fanior, o bispo de 89 anos respondeu que estava \u201cem idade avan\u00e7ada\u201d e que essa seria uma miss\u00e3o que caberia ao filho Samuel Ferreira, que o substituiu na dianteira da Assembleia de Deus Madureira.<\/p>\n\n\n\n\n\n<p>Acontece que a mesma Madureira sobe, literalmente, na garupa de Jair Bolsonaro. Atual presidente da bancada evang\u00e9lica, o deputado Cezinha de Madureira (PSD-SP) foi o passageiro carona do presidente na motociata bolsonarista de s\u00e1bado (12) em S\u00e3o Paulo, batizada Acelera para Cristo.<\/p>\n\n\n\n<p>A hierarquia do Minist\u00e9rio Madureira \u00e9 r\u00edgida nesse sentido, e Cezinha, que carrega o nome da igreja em sua alcunha pol\u00edtica, n\u00e3o d\u00e1 nenhum passo pol\u00edtico sem orienta\u00e7\u00e3o da c\u00fapula pastoral. Hoje quem comanda de fato este ramo da Assembleia de Deus \u00e9 o bispo Samuel.<\/p>\n\n\n\n<p>Em anos passados, a romaria de pol\u00edticos at\u00e9 Samuel incluiu Jo\u00e3o Doria (PSDB-SP), Michel Temer (MDB-SP), A\u00e9cio Neves (PSDB-MG) e o antigo aliado Eduardo Cunha (MDB-RJ).<\/p>\n\n\n\n<p>O PT tenta reconstruir pontes com um segmento que lhe tinha simpatia, mas que em 2018 mostrou uma coes\u00e3o em torno de Bolsonaro que Lula nunca conseguiu.<\/p>\n\n\n\n<p>Estima-se que sete em cada dez eleitores evang\u00e9licos tenham votado no atual presidente, patamar que superou a melhor performance do petista neste eleitorado. Em 2006, nas proje\u00e7\u00f5es para o segundo turno contra o tucano Geraldo Alckmin, seis em cada dez fi\u00e9is apertaram o 13.<\/p>\n\n\n\n<p>Naquela campanha, o candidato \u00e0 reelei\u00e7\u00e3o declarou em evento da igreja de Manoel: \u201cSomos todos crentes e somos todos brasileiros\u201d. O bispo retribuiu dizendo que \u201co poder deve estar na m\u00e3o daquele a quem realmente Deus e o povo outorgaram\u201d.<\/p>\n\n\n\n<p>Os pastores das maiores igrejas evang\u00e9licas do Brasil mostraram unidade in\u00e9dita na elei\u00e7\u00e3o que consagrou Bolsonaro. O petista jamais teve respaldo de todos, mas com Manoel, que presidiu a bancada evang\u00e9lica durante o governo lulista, tinha boa rela\u00e7\u00e3o.<\/p>\n\n\n\n<p>A fotografia de Manoel e Lula ativou o desconfi\u00f4metro, entre pares evang\u00e9licos, de que a Assembleia de Deus Madureira poderia estar preparando terreno para uma reaproxima\u00e7\u00e3o com o PT, sobretudo ap\u00f3s o favoritismo detectado por&nbsp;<strong><a href=\"https:\/\/folhagospel.com\/bolsonaro-e-lula-empatam-no-voto-evangelico-mostra-pesquisa-datafolha\/\" target=\"_blank\" rel=\"noreferrer noopener\">pesquisa Datafolha<\/a><\/strong>&nbsp;de seu prov\u00e1vel candidato \u00e0 Presid\u00eancia.<\/p>\n\n\n\n<p>Ap\u00f3s Garotinho reproduzir a reuni\u00e3o de Lula e Manoel, o deputado Cezinha telefonou para Wladimir Garotinho (PSD-RJ), prefeito de Campos de Goytacazes, e reclamou do post do pai. Ganhou direito a uma corre\u00e7\u00e3o.<\/p>\n\n\n\n<p>Cezinha afirmou \u201cque o encontro do bispo com Lula foi uma cortesia\u201d, escreveu o ex-governador. \u201cA igreja Assembleia de Deus de Madureira segue firme com Bolsonaro. Feito o registro.\u201d<\/p>\n\n\n\n<p>\u201cN\u00f3s, igrejas evang\u00e9licas, estamos com Bolsonaro, ponto\u201d, diz \u00e0&nbsp;<strong>Folha de S. Paulo<\/strong>&nbsp;o l\u00edder do bloco evang\u00e9lico na C\u00e2mara. \u201cNunca houve na hist\u00f3ria um presidente da Rep\u00fablica que acorda falando em Deus, termina falando em Deus, que ora no Pal\u00e1cio, ora nas reuni\u00f5es ministeriais.\u201d<\/p>\n\n\n\n<p>A posi\u00e7\u00e3o do Minist\u00e9rio Madureira \u00e9 encarada com ambiguidade no grupo. Um parlamentar evang\u00e9lico descreveu-a assim: um p\u00e9 em cada canoa. Ou seja, seja quem for o vencedor em 2022, Lula ou Bolsonaro, o canal est\u00e1 aberto.<\/p>\n\n\n\n<p>Alguns pastores contemporizam, dizendo que Manoel s\u00f3 foi cordial com o petista e que n\u00e3o apita mais nas decis\u00f5es pol\u00edticas da congrega\u00e7\u00e3o. Outros resgatam um v\u00eddeo em que o bispo Abner Ferreira, outro filho, apoia Dimas Gadelha, o candidato do PT \u00e0 Prefeitura de S\u00e3o Gon\u00e7alo (RJ). Isso em 2020.<\/p>\n\n\n\n<p>Abner faz parte do cintur\u00e3o pastoral que orou com Bolsonaro no Planalto em mais de uma ocasi\u00e3o neste ano.<\/p>\n\n\n\n<p><strong><a href=\"https:\/\/folhagospel.com\/silas-malafaia-se-torna-socio-de-empresario-acusado-de-piramide\/\" target=\"_blank\" rel=\"noreferrer noopener\">Silas Malafaia<\/a><\/strong>, l\u00edder da Assembleia de Deus Vit\u00f3ria em Cristo, d\u00e1 voz \u00e0 m\u00e1 impress\u00e3o sobre a foto de Manoel.<\/p>\n\n\n\n<p>\u201cComo \u00e9 que um l\u00edder da envergadura dele, que sabe muito bem que o governo Lula foi o mais corrupto da hist\u00f3ria pol\u00edtica do pa\u00eds\u2026 Lamento que um l\u00edder ainda v\u00e1 se encontrar com ele\u201d, diz \u00e0 reportagem. \u201cN\u00e3o sei que B\u00edblia que ele usa, s\u00f3 posso ficar admirado. Mais nada. A\u00ed n\u00e3o adianta mandar nota, dizer que apoia Bolsonaro. \u00c9 um neg\u00f3cio muito estranho na minha vis\u00e3o. Encontros secretos que ningu\u00e9m sabe n\u00e3o me cheiram bem.\u201d<\/p>\n\n\n\n<p>Segundo J\u00fanior, o vereador que levou Manoel a Lula, o PT tem buscado outros l\u00edderes evang\u00e9licos, como o mission\u00e1rio&nbsp;<strong><a href=\"https:\/\/folhagospel.com\/igreja-de-r-r-soares-se-livra-de-cobranca-de-r-37-milhoes-da-uniao\/\" target=\"_blank\" rel=\"noreferrer noopener\">R. R. Soares<\/a><\/strong>&nbsp;e o ap\u00f3stolo&nbsp;<strong><a href=\"https:\/\/folhagospel.com\/justica-manda-quebrar-sigilos-bancario-e-fiscal-de-valdemiro-santiago\/\" target=\"_blank\" rel=\"noreferrer noopener\">Valdemiro Santiago<\/a><\/strong>.<\/p>\n\n\n\n<p><strong>Fonte: Folha de S\u00e3o Paulo<\/strong><\/p>\n","protected":false},"excerpt":{"rendered":"<p>Uma foto de Manoel Ferreira, bispo primaz de uma das mais poderosas ramifica\u00e7\u00f5es da Assembleia de Deus, o Minist\u00e9rio Madureira, entre Lula e outro petista agitou os bastidores evang\u00e9licos. A imagem \u2014com Manoel, Lula e Andr\u00e9 Ceciliano (PT), presidente da Assembleia Legislativa do Rio de Janeiro\u2014 foi compartilhada na quarta (16) por Anthony Garotinho, ex-governador [&hellip;]<\/p>\n","protected":false},"author":2,"featured_media":8734,"comment_status":"open","ping_status":"open","sticky":false,"template":"","format":"standard","meta":[],"categories":[5,4],"tags":[14],"_links":{"self":[{"href":"https:\/\/dgospel.com.br\/portal\/index.php\/wp-json\/wp\/v2\/posts\/8733"}],"collection":[{"href":"https:\/\/dgospel.com.br\/portal\/index.php\/wp-json\/wp\/v2\/posts"}],"about":[{"href":"https:\/\/dgospel.com.br\/portal\/index.php\/wp-json\/wp\/v2\/types\/post"}],"author":[{"embeddable":true,"href":"https:\/\/dgospel.com.br\/portal\/index.php\/wp-json\/wp\/v2\/users\/2"}],"replies":[{"embeddable":true,"href":"https:\/\/dgospel.com.br\/portal\/index.php\/wp-json\/wp\/v2\/comments?post=8733"}],"version-history":[{"count":1,"href":"https:\/\/dgospel.com.br\/portal\/index.php\/wp-json\/wp\/v2\/posts\/8733\/revisions"}],"predecessor-version":[{"id":8735,"href":"https:\/\/dgospel.com.br\/portal\/index.php\/wp-json\/wp\/v2\/posts\/8733\/revisions\/8735"}],"wp:featuredmedia":[{"embeddable":true,"href":"https:\/\/dgospel.com.br\/portal\/index.php\/wp-json\/wp\/v2\/media\/8734"}],"wp:attachment":[{"href":"https:\/\/dgospel.com.br\/portal\/index.php\/wp-json\/wp\/v2\/media?parent=8733"}],"wp:term":[{"taxonomy":"category","embeddable":true,"href":"https:\/\/dgospel.com.br\/portal\/index.php\/wp-json\/wp\/v2\/categories?post=8733"},{"taxonomy":"post_tag","embeddable":true,"href":"https:\/\/dgospel.com.br\/portal\/index.php\/wp-json\/wp\/v2\/tags?post=8733"}],"curies":[{"name":"wp","href":"https:\/\/api.w.org\/{rel}","templated":true}]}}