{"id":8736,"date":"2021-06-22T13:31:20","date_gmt":"2021-06-22T16:31:20","guid":{"rendered":"http:\/\/dgospel.com.br\/portal\/?p=8736"},"modified":"2021-06-22T13:31:22","modified_gmt":"2021-06-22T16:31:22","slug":"mais-de-750-custodiados-no-tocantins-foram-inscritos-no-encceja","status":"publish","type":"post","link":"https:\/\/dgospel.com.br\/portal\/index.php\/2021\/06\/22\/mais-de-750-custodiados-no-tocantins-foram-inscritos-no-encceja\/","title":{"rendered":"Mais de 750 custodiados no Tocantins foram inscritos no Encceja"},"content":{"rendered":"\n<p>A Secretaria de Estado de Cidadania e Justi\u00e7a (Seciju), comemora a inscri\u00e7\u00e3o de 755 custodiados no Exame Nacional para Certifica\u00e7\u00e3o de Compet\u00eancias de Jovens e Adultos para Pessoas Privadas de Liberdade (Encceja PPL), edi\u00e7\u00e3o 2020, que vai ocorrer em outubro deste ano. O quantitativo representa 21% da popula\u00e7\u00e3o carcer\u00e1ria do Tocantins e um aumento de mais de 17% de inscritos comparado \u00e0 edi\u00e7\u00e3o de 2019, que teve 643 pessoas privadas de liberdade participando.<\/p>\n\n\n\n<p>Em 2019, 121 custodiados foram aprovados para receber a certifica\u00e7\u00e3o de conclus\u00e3o do ensino fundamental ou m\u00e9dio.<\/p>\n\n\n\n<p>Na edi\u00e7\u00e3o de 2020, custodiados da Unidade Penal Agropecu\u00e1ria do Cariri e da Unidade de Seguran\u00e7a M\u00e1xima do Cariri participar\u00e3o pela primeira vez do exame, sendo que esta \u00faltima unidade est\u00e1 com 114 inscritos, que \u00e9 o maior n\u00famero de participa\u00e7\u00f5es dentre as 30 unidades penais que ofertam a escolariza\u00e7\u00e3o.<\/p>\n\n\n\n<p>O superintendente de Administra\u00e7\u00e3o do Sistema Penal, Orleanes Alves, afirma que o Programa Novo Tempo veio estabelecer um novo marco na educa\u00e7\u00e3o formal e n\u00e3o formal da pessoa privada de liberdade. \u201cA inser\u00e7\u00e3o de projetos de educa\u00e7\u00e3o nas unidades penais do Estado \u00e9 uma determina\u00e7\u00e3o do governador Mauro Carlesse ao secret\u00e1rio Heber Fidelis e o Encceja PPL \u00e9 um dos projetos que possibilita a prepara\u00e7\u00e3o das pessoas privadas de liberdade para a reintegra\u00e7\u00e3o social por meio da educa\u00e7\u00e3o\u201d, refor\u00e7a.<\/p>\n\n\n\n<p>A gerente de Reintegra\u00e7\u00e3o Social, Trabalho e Renda ao Preso da Seciju, Renata Keli Marinho, explica que a conclus\u00e3o do ensino fundamental ou m\u00e9dio possibilita tamb\u00e9m a remi\u00e7\u00e3o da pena em 50% da carga hor\u00e1ria cumprida. \u201cO&nbsp;principal objetivo \u00e9 dar oportunidade a quem almeja concluir a educa\u00e7\u00e3o b\u00e1sica no Sistema Penal do Tocantins. Estamos fazendo nosso trabalho de seguran\u00e7a e oferecendo oportunidades de reintegra\u00e7\u00e3o social, com a possibilidade de remi\u00e7\u00e3o da pena pelo estudo, de acordo com a Resolu\u00e7\u00e3o n\u00b0 391 do Conselho Nacional de Justi\u00e7a\u201d, detalha.<\/p>\n\n\n\n<p><strong>Encceja<\/strong><\/p>\n\n\n\n<p>O Encceja \u00e9 gratuito e de ades\u00e3o volunt\u00e1ria, oferecido pelo Instituto Nacional de Estudos e Pesquisas Educacionais Anysio Teixeira (Inep), vinculado ao Minist\u00e9rio da Educa\u00e7\u00e3o. O exame d\u00e1 oportunidade a jovens e adultos que n\u00e3o conclu\u00edram seus estudos na idade apropriada para cada n\u00edvel de ensino.<\/p>\n\n\n\n<p>Para participar do Encceja, com aplica\u00e7\u00e3o das provas nos dias 13 e 14 de outubro deste ano, os inscritos precisam ter, pelo menos, 15 anos completos, para o ensino fundamental; e, no m\u00ednimo, 18 anos completos, para o ensino m\u00e9dio.&nbsp;<\/p>\n","protected":false},"excerpt":{"rendered":"<p>A Secretaria de Estado de Cidadania e Justi\u00e7a (Seciju), comemora a inscri\u00e7\u00e3o de 755 custodiados no Exame Nacional para Certifica\u00e7\u00e3o de Compet\u00eancias de Jovens e Adultos para Pessoas Privadas de Liberdade (Encceja PPL), edi\u00e7\u00e3o 2020, que vai ocorrer em outubro deste ano. O quantitativo representa 21% da popula\u00e7\u00e3o carcer\u00e1ria do Tocantins e um aumento de [&hellip;]<\/p>\n","protected":false},"author":2,"featured_media":8737,"comment_status":"open","ping_status":"open","sticky":false,"template":"","format":"standard","meta":[],"categories":[3],"tags":[13],"_links":{"self":[{"href":"https:\/\/dgospel.com.br\/portal\/index.php\/wp-json\/wp\/v2\/posts\/8736"}],"collection":[{"href":"https:\/\/dgospel.com.br\/portal\/index.php\/wp-json\/wp\/v2\/posts"}],"about":[{"href":"https:\/\/dgospel.com.br\/portal\/index.php\/wp-json\/wp\/v2\/types\/post"}],"author":[{"embeddable":true,"href":"https:\/\/dgospel.com.br\/portal\/index.php\/wp-json\/wp\/v2\/users\/2"}],"replies":[{"embeddable":true,"href":"https:\/\/dgospel.com.br\/portal\/index.php\/wp-json\/wp\/v2\/comments?post=8736"}],"version-history":[{"count":1,"href":"https:\/\/dgospel.com.br\/portal\/index.php\/wp-json\/wp\/v2\/posts\/8736\/revisions"}],"predecessor-version":[{"id":8738,"href":"https:\/\/dgospel.com.br\/portal\/index.php\/wp-json\/wp\/v2\/posts\/8736\/revisions\/8738"}],"wp:featuredmedia":[{"embeddable":true,"href":"https:\/\/dgospel.com.br\/portal\/index.php\/wp-json\/wp\/v2\/media\/8737"}],"wp:attachment":[{"href":"https:\/\/dgospel.com.br\/portal\/index.php\/wp-json\/wp\/v2\/media?parent=8736"}],"wp:term":[{"taxonomy":"category","embeddable":true,"href":"https:\/\/dgospel.com.br\/portal\/index.php\/wp-json\/wp\/v2\/categories?post=8736"},{"taxonomy":"post_tag","embeddable":true,"href":"https:\/\/dgospel.com.br\/portal\/index.php\/wp-json\/wp\/v2\/tags?post=8736"}],"curies":[{"name":"wp","href":"https:\/\/api.w.org\/{rel}","templated":true}]}}