{"id":8742,"date":"2021-06-22T13:35:57","date_gmt":"2021-06-22T16:35:57","guid":{"rendered":"http:\/\/dgospel.com.br\/portal\/?p=8742"},"modified":"2021-06-22T13:35:59","modified_gmt":"2021-06-22T16:35:59","slug":"naturatins-e-policia-militar-ambiental-realizam-operacao-contra-crime-ambiental-no-cantao","status":"publish","type":"post","link":"https:\/\/dgospel.com.br\/portal\/index.php\/2021\/06\/22\/naturatins-e-policia-militar-ambiental-realizam-operacao-contra-crime-ambiental-no-cantao\/","title":{"rendered":"Naturatins e Pol\u00edcia Militar Ambiental realizam opera\u00e7\u00e3o contra crime ambiental no Cant\u00e3o"},"content":{"rendered":"\n<p>A equipe integrada de fiscaliza\u00e7\u00e3o ambiental do Parque Estadual do Cant\u00e3o (PEC), de responsabilidade do Instituto Natureza do Tocantins (Naturatins) e do Batalh\u00e3o da Pol\u00edcia Militar Ambiental (BPMA-TO) de Caseara, atendeu v\u00e1rias den\u00fancias de extra\u00e7\u00e3o ilegal de madeira durante patrulhamento ambiental terrestre, no Projeto de Assentamento Onal\u00edcio Barros, e de pesca ao longo do Rio do Coco, Lagos do Pared\u00e3o, seco do Caboco e dos Crentes. A opera\u00e7\u00e3o integrada ocorreu entre os dias 17 e 21 deste m\u00eas.&nbsp;<\/p>\n\n\n\n<p>De acordo com o relat\u00f3rio da opera\u00e7\u00e3o, o respons\u00e1vel pela madeira pretendia usar o material na constru\u00e7\u00e3o de cerca e afirmou n\u00e3o ter conhecimento da necessidade de licen\u00e7a ambiental. Sem a autoriza\u00e7\u00e3o, o propriet\u00e1rio foi autuado por dep\u00f3sito de madeira tipo estacas, ess\u00eancia diversa. Nos pontos pesqueiros do assentamento, foram abordados pescadores amadores que receberam orienta\u00e7\u00e3o dos fiscais quanto \u00e0 vig\u00eancia da cota zero para transporte de pescado e o limite de 5 kg para consumo no local por carteira de pesca.<\/p>\n\n\n\n<p>Em seguida, a equipe avan\u00e7ou para a \u00e1rea de reserva perto do lago Cangu\u00e7u, onde foi localizado outro ponto de extra\u00e7\u00e3o de madeira, mas o respons\u00e1vel n\u00e3o se encontrava no local. Por vias aqu\u00e1ticas, a equipe percorreu o Rio do Coco, Furo do Cirica e lagos do PEC, onde foram abordados dois barcos com pescadores sem a licen\u00e7a de pesca, que na oportunidade tamb\u00e9m foram atuados no valor total de R$ 600 e tiveram molinetes e carretilhas apreendidos.<\/p>\n\n\n\n<p>Ainda no Rio do Coco, um homem foi avistado pelos fiscais da opera\u00e7\u00e3o em uma praia, mas ao perceber a aproxima\u00e7\u00e3o da equipe evadiu da \u00e1rea. Durante as buscas no local, foi encontrada uma arma de fogo calibre 32 com cinco muni\u00e7\u00f5es, que foi entregue \u00e0 9\u00aa Central de Atendimento da Pol\u00edcia Civil de Para\u00edso, ap\u00f3s registro do Boletim de Ocorr\u00eancia.<\/p>\n\n\n\n<p>Adailton Fernandes Gl\u00f3ria, supervisor do Parque do Cant\u00e3o, frisou que a opera\u00e7\u00e3o teve bastante resultado devido ao registro de den\u00fancias realizadas pelos pr\u00f3prios moradores do entorno do Parque. Adailton ressaltou ainda que a chegada do ver\u00e3o aumenta a facilidade para a extra\u00e7\u00e3o de madeira, mas o material foi localizado dentro de uma \u00c1rea de Prote\u00e7\u00e3o Ambiental (APA) e dentro de uma Reserva Legal. \u201cMotivo da import\u00e2ncia de mantermos as nossas fiscaliza\u00e7\u00f5es com apoio do BPMA para coibir esse tipo de crime ambiental, al\u00e9m da quest\u00e3o dos acampamentos ilegais que, a partir de agora, com os decretos estadual e municipal, est\u00e3o suspensos em praias, mas mesmo assim, muita gente tem vindo para as beiras dos rios. Parte dessas pessoas tem informa\u00e7\u00e3o, mas continuam insistindo em acampar dentro da \u00e1rea do Parque, o que n\u00e3o \u00e9 permitido. Ent\u00e3o continuamos fazendo nosso trabalho de orienta\u00e7\u00e3o e, quando \u00e9 verificada infra\u00e7\u00e3o, n\u00e3o h\u00e1 motivo para n\u00e3o punir os infratores\u201d, destacou Adailton Fernandes.<\/p>\n\n\n\n<p>\u201cA minha orienta\u00e7\u00e3o \u00e9 que as pessoas procurem saber em que \u00e1rea \u00e9 permitido acampar, evitar aglomera\u00e7\u00e3o e observar que, em nenhuma hip\u00f3tese, \u00e9 permitida a extra\u00e7\u00e3o de madeira dentro de reserva e extrair esse material sem permiss\u00e3o do \u00f3rg\u00e3o ambiental. O C\u00f3digo Florestal, Lei Federal n\u00ba 12.251\/2012, permite que propriet\u00e1rio da \u00e1rea retire madeira para consumo pr\u00f3prio, mas para isso ele tem que oficializar no \u00f3rg\u00e3o ambiental para ter essa autoriza\u00e7\u00e3o em m\u00e3os\u201d, concluiu o supervisor.<\/p>\n","protected":false},"excerpt":{"rendered":"<p>A equipe integrada de fiscaliza\u00e7\u00e3o ambiental do Parque Estadual do Cant\u00e3o (PEC), de responsabilidade do Instituto Natureza do Tocantins (Naturatins) e do Batalh\u00e3o da Pol\u00edcia Militar Ambiental (BPMA-TO) de Caseara, atendeu v\u00e1rias den\u00fancias de extra\u00e7\u00e3o ilegal de madeira durante patrulhamento ambiental terrestre, no Projeto de Assentamento Onal\u00edcio Barros, e de pesca ao longo do Rio [&hellip;]<\/p>\n","protected":false},"author":2,"featured_media":8743,"comment_status":"open","ping_status":"open","sticky":false,"template":"","format":"standard","meta":[],"categories":[3],"tags":[],"_links":{"self":[{"href":"https:\/\/dgospel.com.br\/portal\/index.php\/wp-json\/wp\/v2\/posts\/8742"}],"collection":[{"href":"https:\/\/dgospel.com.br\/portal\/index.php\/wp-json\/wp\/v2\/posts"}],"about":[{"href":"https:\/\/dgospel.com.br\/portal\/index.php\/wp-json\/wp\/v2\/types\/post"}],"author":[{"embeddable":true,"href":"https:\/\/dgospel.com.br\/portal\/index.php\/wp-json\/wp\/v2\/users\/2"}],"replies":[{"embeddable":true,"href":"https:\/\/dgospel.com.br\/portal\/index.php\/wp-json\/wp\/v2\/comments?post=8742"}],"version-history":[{"count":1,"href":"https:\/\/dgospel.com.br\/portal\/index.php\/wp-json\/wp\/v2\/posts\/8742\/revisions"}],"predecessor-version":[{"id":8744,"href":"https:\/\/dgospel.com.br\/portal\/index.php\/wp-json\/wp\/v2\/posts\/8742\/revisions\/8744"}],"wp:featuredmedia":[{"embeddable":true,"href":"https:\/\/dgospel.com.br\/portal\/index.php\/wp-json\/wp\/v2\/media\/8743"}],"wp:attachment":[{"href":"https:\/\/dgospel.com.br\/portal\/index.php\/wp-json\/wp\/v2\/media?parent=8742"}],"wp:term":[{"taxonomy":"category","embeddable":true,"href":"https:\/\/dgospel.com.br\/portal\/index.php\/wp-json\/wp\/v2\/categories?post=8742"},{"taxonomy":"post_tag","embeddable":true,"href":"https:\/\/dgospel.com.br\/portal\/index.php\/wp-json\/wp\/v2\/tags?post=8742"}],"curies":[{"name":"wp","href":"https:\/\/api.w.org\/{rel}","templated":true}]}}