{"id":8745,"date":"2021-06-22T15:32:28","date_gmt":"2021-06-22T18:32:28","guid":{"rendered":"http:\/\/dgospel.com.br\/portal\/?p=8745"},"modified":"2021-06-22T15:32:30","modified_gmt":"2021-06-22T18:32:30","slug":"lira-avalia-que-a-cpi-da-covid-nao-vai-trazer-efeito-algum","status":"publish","type":"post","link":"https:\/\/dgospel.com.br\/portal\/index.php\/2021\/06\/22\/lira-avalia-que-a-cpi-da-covid-nao-vai-trazer-efeito-algum\/","title":{"rendered":"Lira avalia que a CPI da Covid \u2018n\u00e3o vai trazer efeito algum\u2019"},"content":{"rendered":"\n<p>\n\nO presidente da C\u00e2mara dos Deputados, Arthur Lira (PP-AL), avalia que a Comiss\u00e3o Parlamentar de Inqu\u00e9rito (CPI) da Covid \u201cn\u00e3o vai trazer efeito algum\u201d. O parlamentar, que classifica o colegiado como um \u201cerro\u201d, diz n\u00e3o acreditar que a comiss\u00e3o esteja apontando caminhos importantes.\n\n<\/p>\n\n\n\n<figure class=\"wp-block-image\"><img src=\"https:\/\/static.cdn.pleno.news\/2021\/06\/img20210617172031160MED.jpg\" alt=\"\" class=\"wp-image-747104\"\/><figcaption>Deputado Arthur Lira em entrevista coletiva&nbsp;Foto: Luis Macedo\/C\u00e2mara dos Deputados<\/figcaption><\/figure>\n\n\n\n<p> Em entrevista ao jornal\u00a0<em>O Globo<\/em>, Lira refor\u00e7ou cr\u00edticas contra a instala\u00e7\u00e3o da CPI durante o combate \u00e0 pandemia. Segundo ele, diante das d\u00favidas que ainda existem sobre a doen\u00e7a, n\u00e3o d\u00e1 para \u201capurar crime de guerra no meio da guerra\u201d. O parlamentar ainda criticou a polariza\u00e7\u00e3o pol\u00edtica que a comiss\u00e3o vem apostando. <\/p>\n\n\n\n<p>Lira defende que n\u00e3o houve atraso na compra de vacinas da Pfizer.<\/p>\n\n\n\n<p>\u2013 Participei das conversas com a Pfizer, numa reuni\u00e3o em fevereiro com o Rodrigo Pacheco, o (Paulo) Guedes, o general (Luiz Eduardo) Ramos e o presidente Bolsonaro. Naquela \u00e9poca, n\u00e3o tinha autoriza\u00e7\u00e3o da Anvisa e achavam que o contrato era leonino. O que dissemos? Se tem dinheiro, se tem empenho, se o mundo todo est\u00e1 assinando esse contrato\u2026 Ent\u00e3o fa\u00e7a \u2013 contou.<\/p>\n\n\n\n<p>De acordo com ele, mesmo que o governo tivesse adquirido os imunizantes antes, a quantidade de doses n\u00e3o era o suficiente.<\/p>\n\n\n\n<p>\u2013 Ajudaria muita gente. Mas resolveria o problema da pandemia? \u2013 questionou.<\/p>\n\n\n\n<p>Na vis\u00e3o do deputado, tal posicionamento n\u00e3o quer dizer que n\u00e3o \u00e9 importante salvar vidas.<\/p>\n\n\n\n<p>\u2013 Estou dizendo que n\u00e3o \u00e9 a salva\u00e7\u00e3o da pandemia. Qualquer vida \u00e9 importante. Salvar uma vida \u00e9 bom demais. Agora, n\u00e3o sou governo. A minha atua\u00e7\u00e3o nisso foi fazer com que assinassem \u2013 afirmou Lira.<\/p>\n\n\n\n<p>*AE<\/p>\n\n\n\n<p><\/p>\n","protected":false},"excerpt":{"rendered":"<p>O presidente da C\u00e2mara dos Deputados, Arthur Lira (PP-AL), avalia que a Comiss\u00e3o Parlamentar de Inqu\u00e9rito (CPI) da Covid \u201cn\u00e3o vai trazer efeito algum\u201d. O parlamentar, que classifica o colegiado como um \u201cerro\u201d, diz n\u00e3o acreditar que a comiss\u00e3o esteja apontando caminhos importantes. Em entrevista ao jornal\u00a0O Globo, Lira refor\u00e7ou cr\u00edticas contra a instala\u00e7\u00e3o da [&hellip;]<\/p>\n","protected":false},"author":2,"featured_media":8746,"comment_status":"open","ping_status":"open","sticky":false,"template":"","format":"standard","meta":[],"categories":[8,4],"tags":[13],"_links":{"self":[{"href":"https:\/\/dgospel.com.br\/portal\/index.php\/wp-json\/wp\/v2\/posts\/8745"}],"collection":[{"href":"https:\/\/dgospel.com.br\/portal\/index.php\/wp-json\/wp\/v2\/posts"}],"about":[{"href":"https:\/\/dgospel.com.br\/portal\/index.php\/wp-json\/wp\/v2\/types\/post"}],"author":[{"embeddable":true,"href":"https:\/\/dgospel.com.br\/portal\/index.php\/wp-json\/wp\/v2\/users\/2"}],"replies":[{"embeddable":true,"href":"https:\/\/dgospel.com.br\/portal\/index.php\/wp-json\/wp\/v2\/comments?post=8745"}],"version-history":[{"count":1,"href":"https:\/\/dgospel.com.br\/portal\/index.php\/wp-json\/wp\/v2\/posts\/8745\/revisions"}],"predecessor-version":[{"id":8747,"href":"https:\/\/dgospel.com.br\/portal\/index.php\/wp-json\/wp\/v2\/posts\/8745\/revisions\/8747"}],"wp:featuredmedia":[{"embeddable":true,"href":"https:\/\/dgospel.com.br\/portal\/index.php\/wp-json\/wp\/v2\/media\/8746"}],"wp:attachment":[{"href":"https:\/\/dgospel.com.br\/portal\/index.php\/wp-json\/wp\/v2\/media?parent=8745"}],"wp:term":[{"taxonomy":"category","embeddable":true,"href":"https:\/\/dgospel.com.br\/portal\/index.php\/wp-json\/wp\/v2\/categories?post=8745"},{"taxonomy":"post_tag","embeddable":true,"href":"https:\/\/dgospel.com.br\/portal\/index.php\/wp-json\/wp\/v2\/tags?post=8745"}],"curies":[{"name":"wp","href":"https:\/\/api.w.org\/{rel}","templated":true}]}}