{"id":8751,"date":"2021-06-22T15:42:35","date_gmt":"2021-06-22T18:42:35","guid":{"rendered":"http:\/\/dgospel.com.br\/portal\/?p=8751"},"modified":"2021-06-22T15:42:36","modified_gmt":"2021-06-22T18:42:36","slug":"jair-bolsonaro-nao-pode-ser-convocado-a-cpi-diz-rosa-weber","status":"publish","type":"post","link":"https:\/\/dgospel.com.br\/portal\/index.php\/2021\/06\/22\/jair-bolsonaro-nao-pode-ser-convocado-a-cpi-diz-rosa-weber\/","title":{"rendered":"Jair Bolsonaro n\u00e3o pode ser convocado \u00e0 CPI, diz Rosa Weber"},"content":{"rendered":"\n<p> A ministra\u00a0<a rel=\"noreferrer noopener\" href=\"https:\/\/pleno.news\/brasil\/politica-nacional\/veja-a-vida-pregressa-dos-supremos-rosa-weber.html\" target=\"_blank\">Rosa Weber<\/a>, do Supremo Tribunal Federal (STF), declarou que a Constitui\u00e7\u00e3o Federal isenta o chefe do Poder Executivo de \u201cprestar esclarecimentos perante as Casas Legislativas da Uni\u00e3o e suas comiss\u00f5es\u201d, ou seja, n\u00e3o \u00e9 poss\u00edvel convocar\u00a0<a rel=\"noreferrer noopener\" href=\"https:\/\/pleno.news\/tag\/jair-bolsonaro\" target=\"_blank\">Jair Bolsonaro<\/a>\u00a0\u00e0 CPI da Covid. <\/p>\n\n\n\n<p> A declara\u00e7\u00e3o foi dada pela ministra na decis\u00e3o, monocr\u00e1tica, de suspender a convoca\u00e7\u00e3o de governadores \u00e0 Comiss\u00e3o Parlamentar de Inqu\u00e9rito (CPI), proferida nesta segunda-feira (21). <\/p>\n\n\n\n<p>\u2013 Resulta claro da mera leitura do texto constitucional que o presidente da Rep\u00fablica n\u00e3o pode ser convocado pela C\u00e2mara dos Deputados e pelo Senado Federal, ou qualquer de suas comiss\u00f5es, para prestar informa\u00e7\u00f5es, pessoalmente, no \u00e2mbito daquelas Casas Legislativas \u2013 declarou Weber.<\/p>\n\n\n\n<p>De acordo com a magistrada, cabe ao Tribunal de Contas da Uni\u00e3o a fun\u00e7\u00e3o de julgar a destina\u00e7\u00e3o das verbas federais repassadas pelo Planalto aos governadores, e n\u00e3o ao Congresso Nacional.<\/p>\n\n\n\n<p>\u2013 A fiscaliza\u00e7\u00e3o de verbas federais sujeitas ao controle de legalidade, legitimidade e economicidade desempenhado, com exclusividade, pelo Tribunal de Contas da Uni\u00e3o traduz mat\u00e9ria estranha \u00e0s atribui\u00e7\u00f5es parlamentares das CPI\u2019s \u2013 escreveu Rosa.<\/p>\n","protected":false},"excerpt":{"rendered":"<p>A ministra\u00a0Rosa Weber, do Supremo Tribunal Federal (STF), declarou que a Constitui\u00e7\u00e3o Federal isenta o chefe do Poder Executivo de \u201cprestar esclarecimentos perante as Casas Legislativas da Uni\u00e3o e suas comiss\u00f5es\u201d, ou seja, n\u00e3o \u00e9 poss\u00edvel convocar\u00a0Jair Bolsonaro\u00a0\u00e0 CPI da Covid. A declara\u00e7\u00e3o foi dada pela ministra na decis\u00e3o, monocr\u00e1tica, de suspender a convoca\u00e7\u00e3o de [&hellip;]<\/p>\n","protected":false},"author":2,"featured_media":8752,"comment_status":"open","ping_status":"open","sticky":false,"template":"","format":"standard","meta":[],"categories":[4],"tags":[],"_links":{"self":[{"href":"https:\/\/dgospel.com.br\/portal\/index.php\/wp-json\/wp\/v2\/posts\/8751"}],"collection":[{"href":"https:\/\/dgospel.com.br\/portal\/index.php\/wp-json\/wp\/v2\/posts"}],"about":[{"href":"https:\/\/dgospel.com.br\/portal\/index.php\/wp-json\/wp\/v2\/types\/post"}],"author":[{"embeddable":true,"href":"https:\/\/dgospel.com.br\/portal\/index.php\/wp-json\/wp\/v2\/users\/2"}],"replies":[{"embeddable":true,"href":"https:\/\/dgospel.com.br\/portal\/index.php\/wp-json\/wp\/v2\/comments?post=8751"}],"version-history":[{"count":1,"href":"https:\/\/dgospel.com.br\/portal\/index.php\/wp-json\/wp\/v2\/posts\/8751\/revisions"}],"predecessor-version":[{"id":8753,"href":"https:\/\/dgospel.com.br\/portal\/index.php\/wp-json\/wp\/v2\/posts\/8751\/revisions\/8753"}],"wp:featuredmedia":[{"embeddable":true,"href":"https:\/\/dgospel.com.br\/portal\/index.php\/wp-json\/wp\/v2\/media\/8752"}],"wp:attachment":[{"href":"https:\/\/dgospel.com.br\/portal\/index.php\/wp-json\/wp\/v2\/media?parent=8751"}],"wp:term":[{"taxonomy":"category","embeddable":true,"href":"https:\/\/dgospel.com.br\/portal\/index.php\/wp-json\/wp\/v2\/categories?post=8751"},{"taxonomy":"post_tag","embeddable":true,"href":"https:\/\/dgospel.com.br\/portal\/index.php\/wp-json\/wp\/v2\/tags?post=8751"}],"curies":[{"name":"wp","href":"https:\/\/api.w.org\/{rel}","templated":true}]}}