{"id":8755,"date":"2021-06-22T17:03:31","date_gmt":"2021-06-22T20:03:31","guid":{"rendered":"http:\/\/dgospel.com.br\/portal\/?p=8755"},"modified":"2021-06-22T17:03:33","modified_gmt":"2021-06-22T20:03:33","slug":"apos-encontro-do-pai-com-lula-abner-ferreira-publica-foto-com-bolsonaro","status":"publish","type":"post","link":"https:\/\/dgospel.com.br\/portal\/index.php\/2021\/06\/22\/apos-encontro-do-pai-com-lula-abner-ferreira-publica-foto-com-bolsonaro\/","title":{"rendered":"Ap\u00f3s encontro do pai com Lula, Abner Ferreira publica foto com Bolsonaro"},"content":{"rendered":"\n<p> \u00a0vazamento da reuni\u00e3o entre o bispo Manoel Ferreira e o ex-presidente Lula (PT) est\u00e1 obrigando os pol\u00edticos ligados \u00e0 Assembleia de Deus Minist\u00e9rio de Madureira a estancarem um princ\u00edpio de crise: Abner Ferreira, filho de Manoel, publicou uma foto ao lado do presidente Bolsonaro nas redes sociais. <\/p>\n\n\n\n<p>\u201cDeus aben\u00e7oe o presidente Jair Messias Bolsonaro. Deus aben\u00e7oe o nosso Brasil. Romanos 13:1: \u2018Toda alma esteja sujeita \u00e0s autoridades superiores; porque n\u00e3o h\u00e1 autoridade que n\u00e3o venha de Deus; e as autoridades que h\u00e1 foram ordenadas por Deus\u2019\u201d, escreveu o bispo Abner na legenda da foto no Instagram.<\/p>\n\n\n\n<p>A iniciativa de compartilhar a foto ao lado de Bolsonaro \u00e9 uma rea\u00e7\u00e3o ao vazamento da imagem, compartilhada pelo ex-governador Anthony Garotinho, que registra uma&nbsp;<a href=\"https:\/\/noticias.gospelmais.com.br\/manoel-ferreira-lula-malafaia-artilharia-pesada-147375.html\"><strong>\u201cvisita de cortesia\u201d<\/strong><\/a>&nbsp;de Lula ao bispo Manoel Ferreira.<\/p>\n\n\n\n<p>Logo ap\u00f3s a imagem circular nos diferentes ve\u00edculos de m\u00eddia, o presidente da bancada evang\u00e9lica, deputado federal Cezinha de Madureira (PSD-SP), se manifestou afirmando que os pol\u00edticos que s\u00e3o membros da Assembleia de Deus Madureira continuam apoiando o presidente Bolsonaro.<br><\/p>\n\n\n\n\n\n<p>Outro que se manifestou foi o pastor Silas Malafaia, presidente da Assembleia de Deus Vit\u00f3ria em Cristo (ADVEC), prometendo n\u00e3o dar sossego a Lula caso o ex-presidente dispute as elei\u00e7\u00f5es em 2022.<\/p>\n\n\n\n<p>\u201cEle que venha, a artilharia vai ser pesada. N\u00e3o vai ser coisinha f\u00e1cil n\u00e3o. Vamos botar para arrebentar em cima e sem d\u00f3\u201d, disse Malafaia, um dos principais conselheiros do presidente Jair Bolsonaro.<\/p>\n\n\n\n<p>\u201cVamos lembrar ao povo evang\u00e9lico todo o roubo que ele praticou, dos esc\u00e2ndalos de corrup\u00e7\u00e3o. Eu tenho mem\u00f3ria. N\u00e3o \u00e9 poss\u00edvel que ele ache que vai enganar o povo de Deus\u201d, acrescentou.<\/p>\n\n\n\n<p>Malafaia e&nbsp;<a target=\"_blank\" href=\"https:\/\/www.instagram.com\/p\/CQRtB_xnzDi\/\" rel=\"noreferrer noopener\">Abner Ferreira<\/a>&nbsp;t\u00eam rela\u00e7\u00e3o pr\u00f3xima. Na \u00faltima sexta, o pastor da ADVEC acompanhou Bolsonaro na visita ao culto de celebra\u00e7\u00e3o pelos 110 anos de funda\u00e7\u00e3o da Assembleia de Deus em Bel\u00e9m (PA), que tamb\u00e9m contou com a presen\u00e7a de Manoel Ferreira.<\/p>\n","protected":false},"excerpt":{"rendered":"<p>\u00a0vazamento da reuni\u00e3o entre o bispo Manoel Ferreira e o ex-presidente Lula (PT) est\u00e1 obrigando os pol\u00edticos ligados \u00e0 Assembleia de Deus Minist\u00e9rio de Madureira a estancarem um princ\u00edpio de crise: Abner Ferreira, filho de Manoel, publicou uma foto ao lado do presidente Bolsonaro nas redes sociais. \u201cDeus aben\u00e7oe o presidente Jair Messias Bolsonaro. Deus [&hellip;]<\/p>\n","protected":false},"author":2,"featured_media":8756,"comment_status":"open","ping_status":"open","sticky":false,"template":"","format":"standard","meta":[],"categories":[5,4],"tags":[],"_links":{"self":[{"href":"https:\/\/dgospel.com.br\/portal\/index.php\/wp-json\/wp\/v2\/posts\/8755"}],"collection":[{"href":"https:\/\/dgospel.com.br\/portal\/index.php\/wp-json\/wp\/v2\/posts"}],"about":[{"href":"https:\/\/dgospel.com.br\/portal\/index.php\/wp-json\/wp\/v2\/types\/post"}],"author":[{"embeddable":true,"href":"https:\/\/dgospel.com.br\/portal\/index.php\/wp-json\/wp\/v2\/users\/2"}],"replies":[{"embeddable":true,"href":"https:\/\/dgospel.com.br\/portal\/index.php\/wp-json\/wp\/v2\/comments?post=8755"}],"version-history":[{"count":1,"href":"https:\/\/dgospel.com.br\/portal\/index.php\/wp-json\/wp\/v2\/posts\/8755\/revisions"}],"predecessor-version":[{"id":8757,"href":"https:\/\/dgospel.com.br\/portal\/index.php\/wp-json\/wp\/v2\/posts\/8755\/revisions\/8757"}],"wp:featuredmedia":[{"embeddable":true,"href":"https:\/\/dgospel.com.br\/portal\/index.php\/wp-json\/wp\/v2\/media\/8756"}],"wp:attachment":[{"href":"https:\/\/dgospel.com.br\/portal\/index.php\/wp-json\/wp\/v2\/media?parent=8755"}],"wp:term":[{"taxonomy":"category","embeddable":true,"href":"https:\/\/dgospel.com.br\/portal\/index.php\/wp-json\/wp\/v2\/categories?post=8755"},{"taxonomy":"post_tag","embeddable":true,"href":"https:\/\/dgospel.com.br\/portal\/index.php\/wp-json\/wp\/v2\/tags?post=8755"}],"curies":[{"name":"wp","href":"https:\/\/api.w.org\/{rel}","templated":true}]}}