{"id":876,"date":"2018-08-01T16:36:49","date_gmt":"2018-08-01T19:36:49","guid":{"rendered":"http:\/\/dgospel.com.br\/portal\/?p=876"},"modified":"2018-08-01T16:36:49","modified_gmt":"2018-08-01T19:36:49","slug":"expediente-da-prefeitura-de-palmas-sera-de-13-as-19-horas-a-partir-desta-quarta-feira-1o-de-agosto","status":"publish","type":"post","link":"https:\/\/dgospel.com.br\/portal\/index.php\/2018\/08\/01\/expediente-da-prefeitura-de-palmas-sera-de-13-as-19-horas-a-partir-desta-quarta-feira-1o-de-agosto\/","title":{"rendered":"Expediente da Prefeitura de Palmas ser\u00e1 de 13 \u00e0s 19 horas, a partir desta quarta-feira, 1\u00ba de agosto"},"content":{"rendered":"<p>A partir desta quarta-feira, 1\u00ba de agosto, o hor\u00e1rio de funcionamento dos \u00f3rg\u00e3os e entidades da administra\u00e7\u00e3o p\u00fablica municipal de Palmas passa a ser das 13 \u00e0s 19 horas, com jornada de seis horas ininterruptas. A medida vale at\u00e9 o dia 31 de dezembro.\u00a0A mudan\u00e7a est\u00e1 publicada no Decreto 1.627 desta ter\u00e7a-feira, 31 de julho.<\/p>\n<p>A altera\u00e7\u00e3o n\u00e3o se aplica aos servi\u00e7os essenciais, que por sua natureza, exijam regime de plant\u00e3o permanente; \u00e0s unidades vinculadas \u00e0 Secretaria de Sa\u00fade; \u00e0s unidades educacionais da rede municipal de ensino, por terem calend\u00e1rio escolar pr\u00f3prio; \u00e0s unidades de limpeza urbana, infraestrutura, ilumina\u00e7\u00e3o p\u00fablica e ao Resolve Palmas; e, aos Conselhos Tutelares.<\/p>\n<p>A nova medida revoga o Decreto 1.617 de 14 de junho passado, que instituiu o hor\u00e1rio de 8 \u00e0s 14 horas.<\/p>\n<p>Com a mudan\u00e7a aos servidores n\u00e3o pegar\u00e3o os hor\u00e1rios de pico no tr\u00e2nsito para se deslocar ao trabalho (o fluxo das 12h e das 18h); poder\u00e3o organizar melhor seu hor\u00e1rio de almo\u00e7o; ter\u00e3o oportunidade de resolver situa\u00e7\u00f5es junto ao Estado, no per\u00edodo da manh\u00e3, dentre outras.<\/p>\n<p>&nbsp;<\/p>\n","protected":false},"excerpt":{"rendered":"<p>A partir desta quarta-feira, 1\u00ba de agosto, o hor\u00e1rio de funcionamento dos \u00f3rg\u00e3os e entidades da administra\u00e7\u00e3o p\u00fablica municipal de Palmas passa a ser das 13 \u00e0s 19 horas, com jornada de seis horas ininterruptas. A medida vale at\u00e9 o dia 31 de dezembro.\u00a0A mudan\u00e7a est\u00e1 publicada no Decreto 1.627 desta ter\u00e7a-feira, 31 de julho. [&hellip;]<\/p>\n","protected":false},"author":2,"featured_media":877,"comment_status":"open","ping_status":"open","sticky":false,"template":"","format":"standard","meta":[],"categories":[2,3],"tags":[],"_links":{"self":[{"href":"https:\/\/dgospel.com.br\/portal\/index.php\/wp-json\/wp\/v2\/posts\/876"}],"collection":[{"href":"https:\/\/dgospel.com.br\/portal\/index.php\/wp-json\/wp\/v2\/posts"}],"about":[{"href":"https:\/\/dgospel.com.br\/portal\/index.php\/wp-json\/wp\/v2\/types\/post"}],"author":[{"embeddable":true,"href":"https:\/\/dgospel.com.br\/portal\/index.php\/wp-json\/wp\/v2\/users\/2"}],"replies":[{"embeddable":true,"href":"https:\/\/dgospel.com.br\/portal\/index.php\/wp-json\/wp\/v2\/comments?post=876"}],"version-history":[{"count":1,"href":"https:\/\/dgospel.com.br\/portal\/index.php\/wp-json\/wp\/v2\/posts\/876\/revisions"}],"predecessor-version":[{"id":878,"href":"https:\/\/dgospel.com.br\/portal\/index.php\/wp-json\/wp\/v2\/posts\/876\/revisions\/878"}],"wp:featuredmedia":[{"embeddable":true,"href":"https:\/\/dgospel.com.br\/portal\/index.php\/wp-json\/wp\/v2\/media\/877"}],"wp:attachment":[{"href":"https:\/\/dgospel.com.br\/portal\/index.php\/wp-json\/wp\/v2\/media?parent=876"}],"wp:term":[{"taxonomy":"category","embeddable":true,"href":"https:\/\/dgospel.com.br\/portal\/index.php\/wp-json\/wp\/v2\/categories?post=876"},{"taxonomy":"post_tag","embeddable":true,"href":"https:\/\/dgospel.com.br\/portal\/index.php\/wp-json\/wp\/v2\/tags?post=876"}],"curies":[{"name":"wp","href":"https:\/\/api.w.org\/{rel}","templated":true}]}}