{"id":8768,"date":"2021-06-28T16:45:13","date_gmt":"2021-06-28T19:45:13","guid":{"rendered":"http:\/\/dgospel.com.br\/portal\/?p=8768"},"modified":"2021-06-28T16:45:15","modified_gmt":"2021-06-28T19:45:15","slug":"carlesse-vistoria-hospital-geral-de-gurupi-e-anuncia-abertura-de-20-leitos-de-uti-covid-19","status":"publish","type":"post","link":"https:\/\/dgospel.com.br\/portal\/index.php\/2021\/06\/28\/carlesse-vistoria-hospital-geral-de-gurupi-e-anuncia-abertura-de-20-leitos-de-uti-covid-19\/","title":{"rendered":"Carlesse vistoria Hospital Geral de Gurupi e anuncia abertura de 20 leitos de UTI Covid-19"},"content":{"rendered":"\n<p>O governador do Estado do Tocantins, Mauro Carlesse, vistoriou e apresentou \u00e0 imprensa nesta segunda-feira, 28, as instala\u00e7\u00f5es da primeira etapa do Hospital Geral de Gurupi (HGG). A expectativa do Governador \u00e9 inaugurar a unidade hospitalar no m\u00eas de agosto deste ano.<\/p>\n\n\n\n<p>Na oportunidade, ele anunciou a abertura de mais 20 leitos de UTI Covid-19, que v\u00e3o funcionar de imediato para atender a demanda de Gurupi e regi\u00e3o sul do Estado. Agora, o Estado passa a contar com 200 leitos de Unidade de Terapia Intensiva, exclusivos para atendimento a pacientes com Covid-19, sendo 56 somente em Gurupi.<\/p>\n\n\n\n<p>A Secretaria de Estado da Infraestrutura, Cidades e Habita\u00e7\u00e3o est\u00e1 realizando o paisagismo e, t\u00e3o logo seja finalizado, as obras da primeira etapa ser\u00e3o conclu\u00eddas, ap\u00f3s quase oito anos de lan\u00e7amento. S\u00e3o mais de 12 mil metros quadrados e a expectativa do Governo do Tocantins \u00e9 iniciar o mais breve poss\u00edvel as obras da segunda etapa da unidade.<\/p>\n\n\n\n<p>A obra teve a assinatura da Ordem de Servi\u00e7o no dia 30 de novembro de 2013 e era para ser constru\u00edda em 720 dias.&nbsp;O curso do HGG \u00e9 de R$ 33 milh\u00f5es, sendo que R$ 10 milh\u00f5es foram de recursos do tesouro estadual e R$ 23 milh\u00f5es do Governo Federal por meio da Caixa Econ\u00f4mica Federal.<\/p>\n\n\n\n<p>O governador Mauro Carlesse falou do desafio de construir a unidade de sa\u00fade, sendo que, com determina\u00e7\u00e3o e uni\u00e3o de todos, j\u00e1 est\u00e1 funcionando parcialmente e, no m\u00eas de agosto, a primeira etapa estar\u00e1 completamente conclu\u00edda. &#8220;Com mais esses leitos de UTI em funcionamento, a regi\u00e3o est\u00e1 bem servida e, em breve, toda a comunidade estar\u00e1 sendo atendida aqui. Estamos honrando esse compromisso e, certamente, em um curto espa\u00e7o de tempo, as cirurgias eletivas tamb\u00e9m ser\u00e3o retomadas&#8221;, ressaltou o Governador, informando ainda que a segunda etapa do HGG j\u00e1 foi licitada.<\/p>\n\n\n\n<p>Por sua vez, o vice-governador Wanderlei Barbosa lembrou o empenho da Gest\u00e3o para enquadrar o Estado na Lei de Responsabilidade Fiscal (LRF), que permitiu a retomada dos investimentos p\u00fablicos, a exemplo do HGG. &#8220;A recupera\u00e7\u00e3o econ\u00f4mica foi fundamental neste contexto e vamos continuar determinados para poder realizar obras e atender a popula\u00e7\u00e3o com qualidade&#8221;, afirmou.&nbsp;<\/p>\n\n\n\n<p>A prefeita local, Josi Nunes, que representou os demais gestores municipais, falou de gratid\u00e3o pelo apoio do Governo, principalmente neste momento de pandemia. &#8220;Todos sabem o que essa obra representa para Gurupi e para a regi\u00e3o sul do Tocantins. Essa parceria n\u00e3o significa submiss\u00e3o, mas somente juntos conseguimos fazer mais pelo povo. O munic\u00edpio sozinho n\u00e3o consegue fazer muita coisa&#8221;, destacou.<\/p>\n\n\n\n<p>Os investimentos em sa\u00fade sempre foram priorizados pela gest\u00e3o Mauro Carlesse, como forma de atender a toda a popula\u00e7\u00e3o, principalmente aqueles segmentos da sociedade menos favorecidos, como destacou o secret\u00e1rio de Estado da Sa\u00fade, Edgar Tollini. &#8220;A sa\u00fade \u00e9 uma prioridade para o Governador, que, mesmo naquele momento de estabilidade nos&nbsp;caso de Covid-19 no Estado, n\u00e3o permitiu que fossem retirados leitos destinados aos pacientes acometidos pela doen\u00e7a&#8221;, sustentou o secret\u00e1rio, alertando para a necessidade da popula\u00e7\u00e3o se manter atenda \u00e0s medidas sanit\u00e1rias, mesmo com a vacina\u00e7\u00e3o.<\/p>\n\n\n\n<p><strong>Estrutura<\/strong><\/p>\n\n\n\n<p>Esta primeira etapa do Hospital Geral de Gurupi comporta bloco do pronto-socorro infantil e adulto, bloco do ambulat\u00f3rio, bloco administrativo, rampa, passarela e escada. Tamb\u00e9m conta com duas usinas geradoras de oxig\u00eanio, canaliza\u00e7\u00e3o de gases, tratamento pr\u00f3prio de esgoto, central com geradores de energia el\u00e9trica, audit\u00f3rio para 200 pessoas e energia solar para aquecimento de \u00e1gua dos banheiros.<\/p>\n\n\n\n<p><strong>Segunda etapa<\/strong><\/p>\n\n\n\n<p>A pr\u00f3xima etapa conta com blocos de enfermarias, centros cir\u00fargicos adultos e pedi\u00e1tricos, Unidade de Tratamento Intensivo (UTI) e servi\u00e7os de imagem. A capacidade total do hospital ser\u00e1 de 200 leitos, o que vai ampliar e melhorar o atendimento prestado aos usu\u00e1rios do Sistema \u00danico de Sa\u00fade (SUS), principalmente em Gurupi e regi\u00e3o.<\/p>\n\n\n\n<p><strong>Presen\u00e7as<\/strong><\/p>\n\n\n\n<p>O evento contou com a presen\u00e7a do deputado federal Carlos Gaguim; dos deputados Cleiton Cardoso, Vanda Monteiro, Olyntho Neto, Ricardo Ayres; al\u00e9m de prefeitos de 10 cidades da regi\u00e3o, vereadores e secret\u00e1rios de Estado.<\/p>\n\n\n\n<figure class=\"wp-block-image\"><img src=\"https:\/\/central.to.gov.br\/image\/249965?w=565&amp;h=349\" alt=\"\"\/><\/figure>\n\n\n\n<p>A expectativa do Governador \u00e9 inaugurar a unidade hospitalar no m\u00eas de agosto deste ano &#8211; Esequias Ara\u00fajo\/Governo do Tocantins<\/p>\n\n\n\n<figure class=\"wp-block-image\"><img src=\"https:\/\/central.to.gov.br\/image\/249966?w=565&amp;h=349\" alt=\"\"\/><\/figure>\n\n\n\n<p>&#8220;Estamos honrando esse compromisso e certamente em um curto espa\u00e7o de tempo as cirurgias eletivas tamb\u00e9m ser\u00e3o retomadas&#8221;, ressaltou o Governador durante a visita &#8211; Esequias Ara\u00fajo\/Governo do Tocantins<\/p>\n\n\n\n<figure class=\"wp-block-image\"><img src=\"https:\/\/central.to.gov.br\/image\/249967?w=565&amp;h=349\" alt=\"\"\/><\/figure>\n\n\n\n<p>S\u00e3o mais de 12 mil metros quadrados e a expectativa do Governo do Tocantins \u00e9 iniciar o mais breve poss\u00edvel as obras da segunda etapa da unidade &#8211; Esequias Ara\u00fajo\/Governo do Tocantins<\/p>\n\n\n\n<figure class=\"wp-block-image\"><img src=\"https:\/\/central.to.gov.br\/image\/249963?w=565&amp;h=349\" alt=\"\"\/><\/figure>\n\n\n\n<p>A prefeita local, Josi Nunes, falou de gratid\u00e3o pelo apoio do Governo, principalmente neste momento de pandemia. &#8220;Todos sabem do que essa obra representa para Gurupi e para a regi\u00e3o sul do Tocantins.&nbsp;O munic\u00edpio sozinho n\u00e3o consegue fazer muita coisa&#8221; &#8211; Esequias Ara\u00fajo\/Governo do Tocantins\n\n<\/p>\n","protected":false},"excerpt":{"rendered":"<p>O governador do Estado do Tocantins, Mauro Carlesse, vistoriou e apresentou \u00e0 imprensa nesta segunda-feira, 28, as instala\u00e7\u00f5es da primeira etapa do Hospital Geral de Gurupi (HGG). A expectativa do Governador \u00e9 inaugurar a unidade hospitalar no m\u00eas de agosto deste ano. Na oportunidade, ele anunciou a abertura de mais 20 leitos de UTI Covid-19, [&hellip;]<\/p>\n","protected":false},"author":2,"featured_media":8769,"comment_status":"open","ping_status":"open","sticky":false,"template":"","format":"standard","meta":[],"categories":[3],"tags":[13],"_links":{"self":[{"href":"https:\/\/dgospel.com.br\/portal\/index.php\/wp-json\/wp\/v2\/posts\/8768"}],"collection":[{"href":"https:\/\/dgospel.com.br\/portal\/index.php\/wp-json\/wp\/v2\/posts"}],"about":[{"href":"https:\/\/dgospel.com.br\/portal\/index.php\/wp-json\/wp\/v2\/types\/post"}],"author":[{"embeddable":true,"href":"https:\/\/dgospel.com.br\/portal\/index.php\/wp-json\/wp\/v2\/users\/2"}],"replies":[{"embeddable":true,"href":"https:\/\/dgospel.com.br\/portal\/index.php\/wp-json\/wp\/v2\/comments?post=8768"}],"version-history":[{"count":1,"href":"https:\/\/dgospel.com.br\/portal\/index.php\/wp-json\/wp\/v2\/posts\/8768\/revisions"}],"predecessor-version":[{"id":8770,"href":"https:\/\/dgospel.com.br\/portal\/index.php\/wp-json\/wp\/v2\/posts\/8768\/revisions\/8770"}],"wp:featuredmedia":[{"embeddable":true,"href":"https:\/\/dgospel.com.br\/portal\/index.php\/wp-json\/wp\/v2\/media\/8769"}],"wp:attachment":[{"href":"https:\/\/dgospel.com.br\/portal\/index.php\/wp-json\/wp\/v2\/media?parent=8768"}],"wp:term":[{"taxonomy":"category","embeddable":true,"href":"https:\/\/dgospel.com.br\/portal\/index.php\/wp-json\/wp\/v2\/categories?post=8768"},{"taxonomy":"post_tag","embeddable":true,"href":"https:\/\/dgospel.com.br\/portal\/index.php\/wp-json\/wp\/v2\/tags?post=8768"}],"curies":[{"name":"wp","href":"https:\/\/api.w.org\/{rel}","templated":true}]}}