{"id":8771,"date":"2021-06-28T16:50:51","date_gmt":"2021-06-28T19:50:51","guid":{"rendered":"http:\/\/dgospel.com.br\/portal\/?p=8771"},"modified":"2021-06-28T16:50:53","modified_gmt":"2021-06-28T19:50:53","slug":"defesa-civil-estadual-vai-formar-brigadistas-para-a-prefeitura-de-palmas","status":"publish","type":"post","link":"https:\/\/dgospel.com.br\/portal\/index.php\/2021\/06\/28\/defesa-civil-estadual-vai-formar-brigadistas-para-a-prefeitura-de-palmas\/","title":{"rendered":"Defesa Civil Estadual vai formar brigadistas para a prefeitura de Palmas"},"content":{"rendered":"\n<p>A Capital do Tocantins tamb\u00e9m ter\u00e1 uma brigada municipal de combate a inc\u00eandio. A informa\u00e7\u00e3o foi confirmada semana passada e a forma\u00e7\u00e3o do grupo ser\u00e1 feita pela Defesa Civil Estadual, que j\u00e1 tem 101 prefeituras no Tocantins como parceiras. S\u00e3o mais de 1.200 pessoas que v\u00e3o ser qualificadas para a atua\u00e7\u00e3o no combate aos inc\u00eandios florestais e queimadas ilegais.<\/p>\n\n\n\n<p>A Brigada de Palmas ter\u00e1 19 integrantes, sendo que duas mulheres tamb\u00e9m fazem parte. A forma\u00e7\u00e3o ser\u00e1 de tr\u00eas dias, com in\u00edcio na quinta-feira, 1\u00b0 de julho, e o encerramento no s\u00e1bado, 3.<\/p>\n\n\n\n<p>Segundo o tenente-coronel Erisvaldo Alves, coordenador-adjunto da Defesa Civil Estadual, o grupo ter\u00e1 aulas de primeiros socorros e tamb\u00e9m de t\u00e9cnicas de combate a inc\u00eandios florestais, em todos os casos com teorias e pr\u00e1ticas.<\/p>\n\n\n\n<p>O combate pr\u00e1tico da turma ser\u00e1 ao lado do Parque Cesamar, em Palmas.<\/p>\n\n\n\n<p><strong>Combates no Jalap\u00e3o<\/strong><\/p>\n\n\n\n<p>Em S\u00e3o F\u00e9lix do Tocantins, na regi\u00e3o leste do Estado, duas equipes do Corpo de Bombeiros Militar j\u00e1 atuam no combate aos inc\u00eandios florestais, com apoio de 13 brigadistas da Prefeitura do munic\u00edpio.<\/p>\n\n\n\n<p>A a\u00e7\u00e3o visa conter os focos de inc\u00eandios que surgem neste per\u00edodo na regi\u00e3o. A previs\u00e3o \u00e9 para que permane\u00e7am no Jalap\u00e3o at\u00e9 o in\u00edcio de novembro.<\/p>\n\n\n\n<figure class=\"wp-block-image\"><img src=\"https:\/\/central.to.gov.br\/image\/249937?w=565&amp;h=349\" alt=\"\"\/><\/figure>\n\n\n\n<p>Em S\u00e3o F\u00e9lix do Tocantins, bombeiros militares e brigadistas atuam juntos nos combates a inc\u00eandios florestais &#8211; CBM\/Governo do Tocantins<\/p>\n\n\n\n<figure class=\"wp-block-image\"><img src=\"https:\/\/central.to.gov.br\/image\/249935?w=565&amp;h=349\" alt=\"\"\/><\/figure>\n\n\n\n<p>Conte\u00fados de primeiros socorros na teoria e pr\u00e1tica tamb\u00e9m s\u00e3o ministrados aos brigadistas &#8211; CBM\/Governo do Tocantins\n\n<\/p>\n","protected":false},"excerpt":{"rendered":"<p>A Capital do Tocantins tamb\u00e9m ter\u00e1 uma brigada municipal de combate a inc\u00eandio. A informa\u00e7\u00e3o foi confirmada semana passada e a forma\u00e7\u00e3o do grupo ser\u00e1 feita pela Defesa Civil Estadual, que j\u00e1 tem 101 prefeituras no Tocantins como parceiras. S\u00e3o mais de 1.200 pessoas que v\u00e3o ser qualificadas para a atua\u00e7\u00e3o no combate aos inc\u00eandios [&hellip;]<\/p>\n","protected":false},"author":2,"featured_media":8772,"comment_status":"open","ping_status":"open","sticky":false,"template":"","format":"standard","meta":[],"categories":[3],"tags":[13],"_links":{"self":[{"href":"https:\/\/dgospel.com.br\/portal\/index.php\/wp-json\/wp\/v2\/posts\/8771"}],"collection":[{"href":"https:\/\/dgospel.com.br\/portal\/index.php\/wp-json\/wp\/v2\/posts"}],"about":[{"href":"https:\/\/dgospel.com.br\/portal\/index.php\/wp-json\/wp\/v2\/types\/post"}],"author":[{"embeddable":true,"href":"https:\/\/dgospel.com.br\/portal\/index.php\/wp-json\/wp\/v2\/users\/2"}],"replies":[{"embeddable":true,"href":"https:\/\/dgospel.com.br\/portal\/index.php\/wp-json\/wp\/v2\/comments?post=8771"}],"version-history":[{"count":1,"href":"https:\/\/dgospel.com.br\/portal\/index.php\/wp-json\/wp\/v2\/posts\/8771\/revisions"}],"predecessor-version":[{"id":8773,"href":"https:\/\/dgospel.com.br\/portal\/index.php\/wp-json\/wp\/v2\/posts\/8771\/revisions\/8773"}],"wp:featuredmedia":[{"embeddable":true,"href":"https:\/\/dgospel.com.br\/portal\/index.php\/wp-json\/wp\/v2\/media\/8772"}],"wp:attachment":[{"href":"https:\/\/dgospel.com.br\/portal\/index.php\/wp-json\/wp\/v2\/media?parent=8771"}],"wp:term":[{"taxonomy":"category","embeddable":true,"href":"https:\/\/dgospel.com.br\/portal\/index.php\/wp-json\/wp\/v2\/categories?post=8771"},{"taxonomy":"post_tag","embeddable":true,"href":"https:\/\/dgospel.com.br\/portal\/index.php\/wp-json\/wp\/v2\/tags?post=8771"}],"curies":[{"name":"wp","href":"https:\/\/api.w.org\/{rel}","templated":true}]}}