{"id":8777,"date":"2021-06-28T17:02:41","date_gmt":"2021-06-28T20:02:41","guid":{"rendered":"http:\/\/dgospel.com.br\/portal\/?p=8777"},"modified":"2021-06-28T17:02:42","modified_gmt":"2021-06-28T20:02:42","slug":"deputada-do-psol-acusa-policia-de-matar-lazaro-sem-ouvi-lo","status":"publish","type":"post","link":"https:\/\/dgospel.com.br\/portal\/index.php\/2021\/06\/28\/deputada-do-psol-acusa-policia-de-matar-lazaro-sem-ouvi-lo\/","title":{"rendered":"Deputada do PSOL acusa pol\u00edcia de matar L\u00e1zaro sem \u201couvi-lo\u201d"},"content":{"rendered":"\n<p>A deputada federal Vivi Reis (PSOL-PA) gerou revolta nas redes sociais ap\u00f3s acusar a pol\u00edcia de Goi\u00e1s de matar o man\u00edaco L\u00e1zaro Barbosa sem \u201couvir\u201d o que ele tinha para dizer. L\u00e1zaro foi morto com mais de 20 tiros na manh\u00e3 desta segunda-feira (28), ap\u00f3s intensa troca de tiros com a pol\u00edcia.<\/p>\n\n\n\n<p>\u2013 L\u00e1zaro foi preso e morto. A persegui\u00e7\u00e3o do criminoso deixou um lastro de \u00f3dio, intoler\u00e2ncia religiosa e abusos. A celebra\u00e7\u00e3o de sua morte \u00e9 retrato da espetaculariza\u00e7\u00e3o dessa ca\u00e7ada de 20 dias e R$ 19 milh\u00f5es. Quando o capturam, ao inv\u00e9s de ouvi-lo, o executam. Vexame \u2013 escreveu.<\/p>\n\n\n\n<p>Com a repercuss\u00e3o negativa do post e acusa\u00e7\u00f5es de que estaria defendendo L\u00e1zaro \u2013 que havia matado cinco pessoas, sendo quatro da mesma fam\u00edlia, entre outros crimes -, Vivi apagou o tu\u00edte e fez uma nova publica\u00e7\u00e3o para, segundo ela, \u201cexplicar melhor\u201d sua opini\u00e3o.<\/p>\n\n\n\n\n\n<p>\u2013 J\u00e1 que o \u00faltimo tu\u00edte abriu margem para interpreta\u00e7\u00f5es equivocadas, vou explicar melhor. L\u00e1zaro causou dor em muitas fam\u00edlias. Minha solidariedade a todas elas! Por\u00e9m, somente o interrogando saber\u00edamos se ele estava a mando de outras pessoas, evitando que mais gente siga impune \u2013 argumentou.<\/p>\n\n\n\n<figure class=\"wp-block-image\"><img src=\"https:\/\/static.cdn.pleno.news\/2021\/06\/L%C3%A1zaro-%C3%A9-procurado-h%C3%A1-mais-de-15-dias-por-ser-autor-de-chacina-no-DF-768x481.jpg\" alt=\"L\u00e1zaro era procurado h\u00e1 mais de 15 dias por ser autor de chacina no DF\"\/><figcaption>L\u00e1zaro era procurado h\u00e1 mais de 15 dias por ser autor de chacina no DF&nbsp;\/ Foto: Reprodu\u00e7\u00e3o<\/figcaption><\/figure>\n\n\n\n<figure class=\"wp-block-image\"><img src=\"https:\/\/static.cdn.pleno.news\/2021\/06\/policiais-768x426.jpg\" alt=\"Policiais Militares oram antes de iniciar buscas por L\u00e1zaro\"\/><figcaption>Policiais Militares oram antes de iniciar buscas por L\u00e1zaro&nbsp;\/ Foto: Reprodu\u00e7\u00e3o<\/figcaption><\/figure>\n\n\n\n<figure class=\"wp-block-image\"><img src=\"https:\/\/static.cdn.pleno.news\/2021\/06\/Lazaro-barbosa-no-escuro-e1624472141713-768x469.jpeg\" alt=\"L\u00e1zaro Barbosa\"\/><figcaption>L\u00e1zaro Barbosa estava foragido h\u00e1 20 dias&nbsp;\/ Foto: Reprodu\u00e7\u00e3o<\/figcaption><\/figure>\n\n\n\n<figure class=\"wp-block-image\"><img src=\"https:\/\/static.cdn.pleno.news\/2021\/06\/re-1.jpg\" alt=\"L\u00e1zaro Barbosa\"\/><figcaption>L\u00e1zaro Barbosa&nbsp;\/ Foto: Reprodu\u00e7\u00e3o<\/figcaption><\/figure>\n\n\n\n<figure class=\"wp-block-image\"><img src=\"https:\/\/static.cdn.pleno.news\/2021\/06\/1_whatsapp_image_2021_06_11_at_11_44_45-6703919.jpeg\" alt=\"L\u00e1zaro Barbosa, serial killer do DF\"\/><figcaption>L\u00e1zaro Barbosa, serial killer do DF&nbsp;\/ Foto: Pol\u00edcia Civil\/Divulga\u00e7\u00e3o<\/figcaption><\/figure>\n\n\n\n<figure class=\"wp-block-image\"><img src=\"https:\/\/static.cdn.pleno.news\/2021\/06\/Screenshot-2021-06-16T220201.244.png\" alt=\"L\u00e1zaro Barbosa\"\/><figcaption>L\u00e1zaro Barbosa estava sendo ca\u00e7ado por mais de 200 policiais&nbsp;\/ Foto: Reprodu\u00e7\u00e3o<\/figcaption><\/figure>\n\n\n\n<figure class=\"wp-block-image\"><img src=\"https:\/\/static.cdn.pleno.news\/2021\/06\/csm_lazaro_barbosa_serial_3e6e80051b.jpeg\" alt=\"Lazaro Barbosa\"\/><figcaption>Lazaro Barbosa estava sendo ca\u00e7ado por centenas de policiais&nbsp;\/ Foto: Reprodu\u00e7\u00e3o<\/figcaption><\/figure>\n\n\n\n<figure class=\"wp-block-image\"><img src=\"https:\/\/static.cdn.pleno.news\/2021\/06\/m%C3%A3e-de-lazaro-768x432.jpg\" alt=\"M\u00e3e de Lazaro\"\/><figcaption>M\u00e3e de Lazaro&nbsp;\/ Montagem: Pleno.News<\/figcaption><\/figure>\n\n\n\n<figure class=\"wp-block-image\"><img src=\"https:\/\/static.cdn.pleno.news\/2021\/06\/Policiais-que-atuam-na-opera%C3%A7%C3%A3o-para-prender-L%C3%A1zaro-Barbosa-prenderem-falso-agente-da-PF-768x512.jpeg\" alt=\"Policiais que atuaram na opera\u00e7\u00e3o para prender L\u00e1zaro Barbosa\"\/><figcaption>Policiais que atuaram na opera\u00e7\u00e3o para prender L\u00e1zaro Barbosa&nbsp;\/ Foto: Divulga\u00e7\u00e3o\/SSP-GO<\/figcaption><\/figure>\n\n\n\n<figure class=\"wp-block-image\"><img src=\"https:\/\/static.cdn.pleno.news\/2021\/06\/3a9ae3fa-b4dc-4fe6-a2ea-b780a95814a4-e1624281396481.jpg\" alt=\"Cadela cristal que atuou em Brumadinho ajuda nas buscas por L\u00e1zaro\"\/><figcaption>Cadela cristal que atuou em Brumadinho ajuda nas buscas por L\u00e1zaro&nbsp;\/ Foto: Divulga\u00e7\u00e3o | Corpo de Bombeiros de Goi\u00e1s<\/figcaption><\/figure>\n\n\n\n<figure class=\"wp-block-image\"><img src=\"https:\/\/static.cdn.pleno.news\/2021\/06\/Design-sem-nome-59-768x432.png\" alt=\"Cantor Vin\u00edcius Borges \u00e9 confundido com L\u00e1zaro Barbosa\"\/><figcaption>Cantor Vin\u00edcius Borges \u00e9 confundido com L\u00e1zaro Barbosa&nbsp;\/ Foto: Colagem Pleno News<\/figcaption><\/figure>\n\n\n\n<figure class=\"wp-block-image\"><img src=\"https:\/\/static.cdn.pleno.news\/2021\/06\/Serial.jpeg\" alt=\"Serial Killer do DF\"\/><figcaption>L\u00e1zaro Barbosa, o serial Killer do DF&nbsp;\/ Foto: Reprodu\u00e7\u00e3o<\/figcaption><\/figure>\n\n\n\n<figure class=\"wp-block-image\"><img src=\"https:\/\/static.cdn.pleno.news\/2021\/06\/Screenshot-2021-06-16T160735.859-768x429.png\" alt=\"L\u00e1zaro Barbosa\"\/><figcaption>L\u00e1zaro Barbosa&nbsp;\/ Foto: Reprodu\u00e7\u00e3o<\/figcaption><\/figure>\n\n\n\n<figure class=\"wp-block-image\"><img src=\"https:\/\/static.cdn.pleno.news\/2021\/06\/Screenshot-2021-06-15T184929.792-768x484.png\" alt=\"L\u00e1zaro Barbosa\"\/><figcaption>L\u00e1zaro Barbosa estava foragido desde o dia 9&nbsp;\/ Foto: Reprodu\u00e7\u00e3o<\/figcaption><\/figure>\n\n\n\n<ul><li>1&nbsp;de 14<\/li><\/ul>\n\n\n\n<p>Ainda segundo ela, o objetivo de capturar L\u00e1zaro vivo era \u201cdescobrir\u201d se o criminoso agia sozinho.<\/p>\n\n\n\n<p>\u2013 Ele tinha que responder pelos crimes que cometeu, mas se n\u00e3o estivesse sozinho seria necess\u00e1rio descobrir. Talvez agora fique mais dif\u00edcil. A n\u00f3s n\u00e3o interessa a impunidade \u2013 declarou.<\/p>\n","protected":false},"excerpt":{"rendered":"<p>A deputada federal Vivi Reis (PSOL-PA) gerou revolta nas redes sociais ap\u00f3s acusar a pol\u00edcia de Goi\u00e1s de matar o man\u00edaco L\u00e1zaro Barbosa sem \u201couvir\u201d o que ele tinha para dizer. L\u00e1zaro foi morto com mais de 20 tiros na manh\u00e3 desta segunda-feira (28), ap\u00f3s intensa troca de tiros com a pol\u00edcia. \u2013 L\u00e1zaro foi [&hellip;]<\/p>\n","protected":false},"author":2,"featured_media":8778,"comment_status":"open","ping_status":"open","sticky":false,"template":"","format":"standard","meta":[],"categories":[4],"tags":[14],"_links":{"self":[{"href":"https:\/\/dgospel.com.br\/portal\/index.php\/wp-json\/wp\/v2\/posts\/8777"}],"collection":[{"href":"https:\/\/dgospel.com.br\/portal\/index.php\/wp-json\/wp\/v2\/posts"}],"about":[{"href":"https:\/\/dgospel.com.br\/portal\/index.php\/wp-json\/wp\/v2\/types\/post"}],"author":[{"embeddable":true,"href":"https:\/\/dgospel.com.br\/portal\/index.php\/wp-json\/wp\/v2\/users\/2"}],"replies":[{"embeddable":true,"href":"https:\/\/dgospel.com.br\/portal\/index.php\/wp-json\/wp\/v2\/comments?post=8777"}],"version-history":[{"count":1,"href":"https:\/\/dgospel.com.br\/portal\/index.php\/wp-json\/wp\/v2\/posts\/8777\/revisions"}],"predecessor-version":[{"id":8779,"href":"https:\/\/dgospel.com.br\/portal\/index.php\/wp-json\/wp\/v2\/posts\/8777\/revisions\/8779"}],"wp:featuredmedia":[{"embeddable":true,"href":"https:\/\/dgospel.com.br\/portal\/index.php\/wp-json\/wp\/v2\/media\/8778"}],"wp:attachment":[{"href":"https:\/\/dgospel.com.br\/portal\/index.php\/wp-json\/wp\/v2\/media?parent=8777"}],"wp:term":[{"taxonomy":"category","embeddable":true,"href":"https:\/\/dgospel.com.br\/portal\/index.php\/wp-json\/wp\/v2\/categories?post=8777"},{"taxonomy":"post_tag","embeddable":true,"href":"https:\/\/dgospel.com.br\/portal\/index.php\/wp-json\/wp\/v2\/tags?post=8777"}],"curies":[{"name":"wp","href":"https:\/\/api.w.org\/{rel}","templated":true}]}}