{"id":8780,"date":"2021-06-28T17:07:20","date_gmt":"2021-06-28T20:07:20","guid":{"rendered":"http:\/\/dgospel.com.br\/portal\/?p=8780"},"modified":"2021-06-28T17:07:22","modified_gmt":"2021-06-28T20:07:22","slug":"ensino-de-ideologia-de-genero-nas-escolas-e-aprovado-pela-camara-municipal-de-sp","status":"publish","type":"post","link":"https:\/\/dgospel.com.br\/portal\/index.php\/2021\/06\/28\/ensino-de-ideologia-de-genero-nas-escolas-e-aprovado-pela-camara-municipal-de-sp\/","title":{"rendered":"Ensino de ideologia de g\u00eanero nas escolas \u00e9 aprovado pela C\u00e2mara Municipal de SP"},"content":{"rendered":"\n<p>Os vereadores de S\u00e3o Paulo aprovaram, na noite de quarta-feira (23), em segunda vota\u00e7\u00e3o, o Projeto de Lei n\u00ba 197\/2018, que cria o Marco Regulat\u00f3rio Municipal da Economia Solid\u00e1ria, de autoria do vereador Eduardo Suplicy (PT). O projeto recebeu 39 votos favor\u00e1veis e 16 contr\u00e1rios.<\/p>\n\n\n\n<p>Segundo mat\u00e9ria do BSM (Brasil Sem Medo), pouco antes da vota\u00e7\u00e3o, o parlamentar apresentou um texto substitutivo do projeto original incluindo a imposi\u00e7\u00e3o do ensino da\u00a0<strong><a href=\"https:\/\/guiame.com.br\/gospel\/noticias\/ideologia-de-genero-destroi-nocao-de-realidade-das-criancas-diz-pediatra.html\">ideologia de g\u00eanero<\/a><\/strong>\u00a0nas escolas municipais.<\/p>\n\n\n\n<p>O petista incluiu no inciso VIII, do artigo 3, no substitutivo a &#8220;garantia de direitos e promo\u00e7\u00e3o dos direitos humanos nas rela\u00e7\u00f5es, notadamente com equidade de direitos de g\u00eanero, gera\u00e7\u00e3o, ra\u00e7a, etnia, orienta\u00e7\u00e3o sexual e identidade de g\u00eanero&#8221;. J\u00e1 no artigo 10, Suplicy incluiu no \u00a72\u00ba &#8220;os estabelecimentos de ensino da Rede Municipal de Educa\u00e7\u00e3o dever\u00e3o abordar, de forma interdisciplinar, o conte\u00fado e os princ\u00edpios da Economia Solid\u00e1ria&#8221;.<\/p>\n\n\n\n<p>Dessa forma, atrav\u00e9s do ensino de &#8220;Economia Solid\u00e1ria&#8221;, foi inserido para dentro das&nbsp;<strong><a href=\"https:\/\/guiame.com.br\/gospel\/noticias\/cristianismo-sera-ensinado-em-escolas-do-egito-pela-primeira-vez.html\">escolas<\/a><\/strong>&nbsp;o ensino da chamada ideologia de g\u00eanero, que ensinar\u00e1 a crian\u00e7as a tese da inexist\u00eancia de homem e mulher, afirmando a maleabilidade sexual, teoria que embasa mudan\u00e7as de sexo e promove erotiza\u00e7\u00e3o em crian\u00e7as. A teoria do g\u00eanero vem sendo rejeitada amplamente pela popula\u00e7\u00e3o brasileira, embora goze de popularidade entre ativistas e universit\u00e1rios.<\/p>\n\n\n\n<p>Em 2015, tentativas de inser\u00e7\u00e3o da ideologia em planos estaduais e municipais de educa\u00e7\u00e3o levou a uma campanha popular de rejei\u00e7\u00e3o \u00e0s teorias do g\u00eanero.<\/p>\n\n\n\n<p>Para o vereador Rinaldi Digilio (PSL), houve um avan\u00e7o desnecess\u00e1rio do projeto para que ocorresse a aprova\u00e7\u00e3o. O parlamentar pontuou que votou contr\u00e1rio ao projeto, mas afirma que alguns dos seus colegas n\u00e3o perceberam as emendas que Suplicy inseriu no texto final.<\/p>\n\n\n\n<p>\u201c&#8221;Eu votei contr\u00e1rio a esse absurdo, mas tenho certeza de que muitos nem perceberam. Esse projeto abre brecha para que a ideologia de g\u00eanero, enfim, entre nas escolas municipais, depois de uma longa batalha travada para evitar que isso aconte\u00e7a&#8221;, Digilio.<\/p>\n\n\n\n<p>Por ter ocorrido numa segunda vota\u00e7\u00e3o, o projeto seguir\u00e1 para san\u00e7\u00e3o ou veto do prefeito de S\u00e3o Paulo, Ricardo Nunes (MDB). Rinaldi Digilio pontuou que espera que o gestor vete o projeto e lan\u00e7ou um abaixo-assinado digital para pressionar Nunes a vetar a mat\u00e9ria.<\/p>\n\n\n\n<p>\n\nFONTE: GUIAME, COM INFORMA\u00c7\u00d5ES DO BSM\n\n<\/p>\n","protected":false},"excerpt":{"rendered":"<p>Os vereadores de S\u00e3o Paulo aprovaram, na noite de quarta-feira (23), em segunda vota\u00e7\u00e3o, o Projeto de Lei n\u00ba 197\/2018, que cria o Marco Regulat\u00f3rio Municipal da Economia Solid\u00e1ria, de autoria do vereador Eduardo Suplicy (PT). O projeto recebeu 39 votos favor\u00e1veis e 16 contr\u00e1rios. Segundo mat\u00e9ria do BSM (Brasil Sem Medo), pouco antes da [&hellip;]<\/p>\n","protected":false},"author":2,"featured_media":8781,"comment_status":"open","ping_status":"open","sticky":false,"template":"","format":"standard","meta":[],"categories":[4],"tags":[13],"_links":{"self":[{"href":"https:\/\/dgospel.com.br\/portal\/index.php\/wp-json\/wp\/v2\/posts\/8780"}],"collection":[{"href":"https:\/\/dgospel.com.br\/portal\/index.php\/wp-json\/wp\/v2\/posts"}],"about":[{"href":"https:\/\/dgospel.com.br\/portal\/index.php\/wp-json\/wp\/v2\/types\/post"}],"author":[{"embeddable":true,"href":"https:\/\/dgospel.com.br\/portal\/index.php\/wp-json\/wp\/v2\/users\/2"}],"replies":[{"embeddable":true,"href":"https:\/\/dgospel.com.br\/portal\/index.php\/wp-json\/wp\/v2\/comments?post=8780"}],"version-history":[{"count":1,"href":"https:\/\/dgospel.com.br\/portal\/index.php\/wp-json\/wp\/v2\/posts\/8780\/revisions"}],"predecessor-version":[{"id":8782,"href":"https:\/\/dgospel.com.br\/portal\/index.php\/wp-json\/wp\/v2\/posts\/8780\/revisions\/8782"}],"wp:featuredmedia":[{"embeddable":true,"href":"https:\/\/dgospel.com.br\/portal\/index.php\/wp-json\/wp\/v2\/media\/8781"}],"wp:attachment":[{"href":"https:\/\/dgospel.com.br\/portal\/index.php\/wp-json\/wp\/v2\/media?parent=8780"}],"wp:term":[{"taxonomy":"category","embeddable":true,"href":"https:\/\/dgospel.com.br\/portal\/index.php\/wp-json\/wp\/v2\/categories?post=8780"},{"taxonomy":"post_tag","embeddable":true,"href":"https:\/\/dgospel.com.br\/portal\/index.php\/wp-json\/wp\/v2\/tags?post=8780"}],"curies":[{"name":"wp","href":"https:\/\/api.w.org\/{rel}","templated":true}]}}