{"id":8787,"date":"2021-06-29T15:40:25","date_gmt":"2021-06-29T18:40:25","guid":{"rendered":"http:\/\/dgospel.com.br\/portal\/?p=8787"},"modified":"2021-06-29T15:40:27","modified_gmt":"2021-06-29T18:40:27","slug":"jogador-evangelico-irrita-militancia-lgbt-por-versiculo-com-significado-original-do-arco-iris","status":"publish","type":"post","link":"https:\/\/dgospel.com.br\/portal\/index.php\/2021\/06\/29\/jogador-evangelico-irrita-militancia-lgbt-por-versiculo-com-significado-original-do-arco-iris\/","title":{"rendered":"Jogador evang\u00e9lico irrita milit\u00e2ncia LGBT por vers\u00edculo com significado original do arco-\u00edris"},"content":{"rendered":"\n<p> Leandro Castan, zagueiro do Vasco da Gama, est\u00e1 na mira da milit\u00e2ncia LGBT ap\u00f3s usar suas redes sociais para publicar a passagem de\u00a0<a href=\"https:\/\/biblia.gospelmais.com.br\/genesis_9\/\"><strong>G\u00eanesis 9:1-17<\/strong><\/a>, em que Deus estabelece o arco-\u00edris como s\u00edmbolo de Seu compromisso em n\u00e3o mais destruir a Terra com \u00e1gua. <\/p>\n\n\n\n<p>A pol\u00eamica ganhou impulso porque no \u00faltimo domingo, 27 de junho, dia em que o zagueiro Leandro Castan fez sua publica\u00e7\u00e3o, seu clube jogou com uma camisa alusiva ao Dia do Orgulho LGBT, que \u00e9 28 de junho.<\/p>\n\n\n\n<p>Evang\u00e9lico, Castan publicou a foto vestindo a&nbsp;<a href=\"https:\/\/noticias.gospelmais.com.br\/vasco-cabo-daciolo-pede-torcida-glorias-115640.html\"><strong>camisa n\u00b0 1 do Vasco<\/strong><\/a>, preta com faixa transversal branca, em um momento de ora\u00e7\u00e3o antes de uma partida. Na legenda, o zagueiro \u2013 que tem mais de cem partidas pelo clube, publicou o texto do primeiro livro da B\u00edblia Sagrada.<\/p>\n\n\n\n<p>\u201cDeus aben\u00e7oou No\u00e9 e seus filhos, dizendo-lhes: Sejam f\u00e9rteis, multipliquem-se e encham a terra. Todos os animais da terra tremer\u00e3o de medo diante de voc\u00eas\u00a0[\u2026] porque \u00e0 imagem de Deus foi o homem criado. Mas voc\u00eas sejam f\u00e9rteis e multipliquem-se; espalhem-se pela terra e proliferem nela\u201d, diz um trecho do texto referido pelo jogador.<\/p>\n\n\n\n<p>O zagueiro n\u00e3o se acanhou de publicar o trecho que denuncia a apropria\u00e7\u00e3o indevida que o movimento LGBT fez do arco-\u00edris: \u201cQuando eu trouxer nuvens sobre a terra e nelas aparecer o arco-\u00edris, ent\u00e3o me lembrarei da minha alian\u00e7a com voc\u00eas e com os seres vivos de todas as esp\u00e9cies\u201d, diz outro trecho do texto de G\u00eanesis 9.<\/p>\n\n\n\n<h2>Rea\u00e7\u00f5es<\/h2>\n\n\n\n<p>Usu\u00e1rios do&nbsp;<a target=\"_blank\" href=\"https:\/\/www.instagram.com\/p\/CQoPZgity0V\/\" rel=\"noreferrer noopener\">Instagram<\/a>, onde a foto foi publicada, reagiram em aprova\u00e7\u00e3o \u00e0 iniciativa do jogador de se posicionar: Esse \u00e9 o verdadeiro significado do arco-\u00edris, capita\u201d, escreveu um seguidor.<\/p>\n\n\n\n<p>Outros 56 mil internautas (at\u00e9 o fechamento desta mat\u00e9ria) haviam curtido a publica\u00e7\u00e3o, com muitos coment\u00e1rios em tom de aprova\u00e7\u00e3o, apesar de algumas cr\u00edticas por parte de seguidores que reprovaram a postura do atleta evang\u00e9lico.<\/p>\n\n\n\n<p>\u201cSer\u00e1 que segue tudo a risca ou \u00e9 s\u00f3 hipocrisia religiosa? Deve t\u00e1 comendo a bola em campo mesmo\u201d, criticou um dos torcedores do Vasco da Gama, insatisfeito com o desempenho na disputa da S\u00e9rie B do Campeonato Brasileiro.<\/p>\n\n\n\n\n\n<h2>Vasco<\/h2>\n\n\n\n<p>O clube evitou se referir \u00e0 publica\u00e7\u00e3o do capit\u00e3o do time em uma nota enviada ao jornal&nbsp;<a target=\"_blank\" href=\"https:\/\/www.lance.com.br\/fora-de-campo\/castan-causa-polemica-postar-passagem-biblica-sobre-fertilidade-dia-apoio-vasco-lgbtqia.html\" rel=\"noreferrer noopener\"><em>Lance!<\/em><\/a>&nbsp;sobre a iniciativa de aderir ao Dia do Orgulho LGBT: \u201cO Vasco da Gama \u00e9 um clube que se orgulha de ser um defensor hist\u00f3rico da diversidade, o que o torna, de fato, um clube de todos\u201d, introduz o comunicado.<\/p>\n\n\n\n<p>\u201cA inclus\u00e3o e acolhimento defendidos pelo Vasco pressup\u00f5em o respeito \u00e0s individualidades e opini\u00f5es de seus atletas, colaboradores e torcedores. O Vasco est\u00e1 imbu\u00eddo da miss\u00e3o de participar ativamente do debate acerca de temas importantes para a sociedade, o que n\u00e3o significa limitar a participa\u00e7\u00e3o de quem quer que seja nessas discuss\u00f5es. O Clube mant\u00e9m seu esp\u00edrito democr\u00e1tico e espera de todos o respeito pela diversidade que sempre marcou a hist\u00f3ria do Vasco da Gama\u201d, finaliza a nota.<\/p>\n\n\n\n<figure class=\"wp-block-embed-instagram wp-block-embed is-type-rich is-provider-instagram\"><div class=\"wp-block-embed__wrapper\">\n<blockquote class=\"instagram-media\" data-instgrm-captioned data-instgrm-permalink=\"https:\/\/www.instagram.com\/p\/CQoPZgity0V\/?utm_source=ig_embed&amp;utm_campaign=loading\" data-instgrm-version=\"13\" style=\" background:#FFF; border:0; border-radius:3px; box-shadow:0 0 1px 0 rgba(0,0,0,0.5),0 1px 10px 0 rgba(0,0,0,0.15); margin: 1px; max-width:630px; min-width:326px; padding:0; width:99.375%; width:-webkit-calc(100% - 2px); width:calc(100% - 2px);\"><div style=\"padding:16px;\"> <a href=\"https:\/\/www.instagram.com\/p\/CQoPZgity0V\/?utm_source=ig_embed&amp;utm_campaign=loading\" style=\" background:#FFFFFF; line-height:0; padding:0 0; text-align:center; text-decoration:none; width:100%;\" target=\"_blank\"> <div style=\" display: flex; flex-direction: row; align-items: center;\"> <div style=\"background-color: #F4F4F4; border-radius: 50%; flex-grow: 0; height: 40px; margin-right: 14px; width: 40px;\"><\/div> <div style=\"display: flex; flex-direction: column; flex-grow: 1; justify-content: center;\"> <div style=\" background-color: #F4F4F4; border-radius: 4px; flex-grow: 0; height: 14px; margin-bottom: 6px; width: 100px;\"><\/div> <div style=\" background-color: #F4F4F4; border-radius: 4px; flex-grow: 0; height: 14px; width: 60px;\"><\/div><\/div><\/div><div style=\"padding: 19% 0;\"><\/div> <div style=\"display:block; height:50px; margin:0 auto 12px; width:50px;\"><svg width=\"50px\" height=\"50px\" viewBox=\"0 0 60 60\" version=\"1.1\" xmlns=\"https:\/\/www.w3.org\/2000\/svg\" xmlns:xlink=\"https:\/\/www.w3.org\/1999\/xlink\"><g stroke=\"none\" stroke-width=\"1\" fill=\"none\" fill-rule=\"evenodd\"><g transform=\"translate(-511.000000, -20.000000)\" fill=\"#000000\"><g><path d=\"M556.869,30.41 C554.814,30.41 553.148,32.076 553.148,34.131 C553.148,36.186 554.814,37.852 556.869,37.852 C558.924,37.852 560.59,36.186 560.59,34.131 C560.59,32.076 558.924,30.41 556.869,30.41 M541,60.657 C535.114,60.657 530.342,55.887 530.342,50 C530.342,44.114 535.114,39.342 541,39.342 C546.887,39.342 551.658,44.114 551.658,50 C551.658,55.887 546.887,60.657 541,60.657 M541,33.886 C532.1,33.886 524.886,41.1 524.886,50 C524.886,58.899 532.1,66.113 541,66.113 C549.9,66.113 557.115,58.899 557.115,50 C557.115,41.1 549.9,33.886 541,33.886 M565.378,62.101 C565.244,65.022 564.756,66.606 564.346,67.663 C563.803,69.06 563.154,70.057 562.106,71.106 C561.058,72.155 560.06,72.803 558.662,73.347 C557.607,73.757 556.021,74.244 553.102,74.378 C549.944,74.521 548.997,74.552 541,74.552 C533.003,74.552 532.056,74.521 528.898,74.378 C525.979,74.244 524.393,73.757 523.338,73.347 C521.94,72.803 520.942,72.155 519.894,71.106 C518.846,70.057 518.197,69.06 517.654,67.663 C517.244,66.606 516.755,65.022 516.623,62.101 C516.479,58.943 516.448,57.996 516.448,50 C516.448,42.003 516.479,41.056 516.623,37.899 C516.755,34.978 517.244,33.391 517.654,32.338 C518.197,30.938 518.846,29.942 519.894,28.894 C520.942,27.846 521.94,27.196 523.338,26.654 C524.393,26.244 525.979,25.756 528.898,25.623 C532.057,25.479 533.004,25.448 541,25.448 C548.997,25.448 549.943,25.479 553.102,25.623 C556.021,25.756 557.607,26.244 558.662,26.654 C560.06,27.196 561.058,27.846 562.106,28.894 C563.154,29.942 563.803,30.938 564.346,32.338 C564.756,33.391 565.244,34.978 565.378,37.899 C565.522,41.056 565.552,42.003 565.552,50 C565.552,57.996 565.522,58.943 565.378,62.101 M570.82,37.631 C570.674,34.438 570.167,32.258 569.425,30.349 C568.659,28.377 567.633,26.702 565.965,25.035 C564.297,23.368 562.623,22.342 560.652,21.575 C558.743,20.834 556.562,20.326 553.369,20.18 C550.169,20.033 549.148,20 541,20 C532.853,20 531.831,20.033 528.631,20.18 C525.438,20.326 523.257,20.834 521.349,21.575 C519.376,22.342 517.703,23.368 516.035,25.035 C514.368,26.702 513.342,28.377 512.574,30.349 C511.834,32.258 511.326,34.438 511.181,37.631 C511.035,40.831 511,41.851 511,50 C511,58.147 511.035,59.17 511.181,62.369 C511.326,65.562 511.834,67.743 512.574,69.651 C513.342,71.625 514.368,73.296 516.035,74.965 C517.703,76.634 519.376,77.658 521.349,78.425 C523.257,79.167 525.438,79.673 528.631,79.82 C531.831,79.965 532.853,80.001 541,80.001 C549.148,80.001 550.169,79.965 553.369,79.82 C556.562,79.673 558.743,79.167 560.652,78.425 C562.623,77.658 564.297,76.634 565.965,74.965 C567.633,73.296 568.659,71.625 569.425,69.651 C570.167,67.743 570.674,65.562 570.82,62.369 C570.966,59.17 571,58.147 571,50 C571,41.851 570.966,40.831 570.82,37.631\"><\/path><\/g><\/g><\/g><\/svg><\/div><div style=\"padding-top: 8px;\"> <div style=\" color:#3897f0; font-family:Arial,sans-serif; font-size:14px; font-style:normal; font-weight:550; line-height:18px;\"> View this post on Instagram<\/div><\/div><div style=\"padding: 12.5% 0;\"><\/div> <div style=\"display: flex; flex-direction: row; margin-bottom: 14px; align-items: center;\"><div> <div style=\"background-color: #F4F4F4; border-radius: 50%; height: 12.5px; width: 12.5px; transform: translateX(0px) translateY(7px);\"><\/div> <div style=\"background-color: #F4F4F4; height: 12.5px; transform: rotate(-45deg) translateX(3px) translateY(1px); width: 12.5px; flex-grow: 0; margin-right: 14px; margin-left: 2px;\"><\/div> <div style=\"background-color: #F4F4F4; border-radius: 50%; height: 12.5px; width: 12.5px; transform: translateX(9px) translateY(-18px);\"><\/div><\/div><div style=\"margin-left: 8px;\"> <div style=\" background-color: #F4F4F4; border-radius: 50%; flex-grow: 0; height: 20px; width: 20px;\"><\/div> <div style=\" width: 0; height: 0; border-top: 2px solid transparent; border-left: 6px solid #f4f4f4; border-bottom: 2px solid transparent; transform: translateX(16px) translateY(-4px) rotate(30deg)\"><\/div><\/div><div style=\"margin-left: auto;\"> <div style=\" width: 0px; border-top: 8px solid #F4F4F4; border-right: 8px solid transparent; transform: translateY(16px);\"><\/div> <div style=\" background-color: #F4F4F4; flex-grow: 0; height: 12px; width: 16px; transform: translateY(-4px);\"><\/div> <div style=\" width: 0; height: 0; border-top: 8px solid #F4F4F4; border-left: 8px solid transparent; transform: translateY(-4px) translateX(8px);\"><\/div><\/div><\/div> <div style=\"display: flex; flex-direction: column; flex-grow: 1; justify-content: center; margin-bottom: 24px;\"> <div style=\" background-color: #F4F4F4; border-radius: 4px; flex-grow: 0; height: 14px; margin-bottom: 6px; width: 224px;\"><\/div> <div style=\" background-color: #F4F4F4; border-radius: 4px; flex-grow: 0; height: 14px; width: 144px;\"><\/div><\/div><\/a><p style=\" color:#c9c8cd; font-family:Arial,sans-serif; font-size:14px; line-height:17px; margin-bottom:0; margin-top:8px; overflow:hidden; padding:8px 0 7px; text-align:center; text-overflow:ellipsis; white-space:nowrap;\"><a href=\"https:\/\/www.instagram.com\/p\/CQoPZgity0V\/?utm_source=ig_embed&amp;utm_campaign=loading\" style=\" color:#c9c8cd; font-family:Arial,sans-serif; font-size:14px; font-style:normal; font-weight:normal; line-height:17px; text-decoration:none;\" target=\"_blank\">A post shared by LC5 (@leandrocastan)<\/a><\/p><\/div><\/blockquote><script async src=\"\/\/www.instagram.com\/embed.js\"><\/script>\n<\/div><\/figure>\n\n\n","protected":false},"excerpt":{"rendered":"<p>Leandro Castan, zagueiro do Vasco da Gama, est\u00e1 na mira da milit\u00e2ncia LGBT ap\u00f3s usar suas redes sociais para publicar a passagem de\u00a0G\u00eanesis 9:1-17, em que Deus estabelece o arco-\u00edris como s\u00edmbolo de Seu compromisso em n\u00e3o mais destruir a Terra com \u00e1gua. A pol\u00eamica ganhou impulso porque no \u00faltimo domingo, 27 de junho, dia [&hellip;]<\/p>\n","protected":false},"author":2,"featured_media":8788,"comment_status":"open","ping_status":"open","sticky":false,"template":"","format":"standard","meta":[],"categories":[5],"tags":[],"_links":{"self":[{"href":"https:\/\/dgospel.com.br\/portal\/index.php\/wp-json\/wp\/v2\/posts\/8787"}],"collection":[{"href":"https:\/\/dgospel.com.br\/portal\/index.php\/wp-json\/wp\/v2\/posts"}],"about":[{"href":"https:\/\/dgospel.com.br\/portal\/index.php\/wp-json\/wp\/v2\/types\/post"}],"author":[{"embeddable":true,"href":"https:\/\/dgospel.com.br\/portal\/index.php\/wp-json\/wp\/v2\/users\/2"}],"replies":[{"embeddable":true,"href":"https:\/\/dgospel.com.br\/portal\/index.php\/wp-json\/wp\/v2\/comments?post=8787"}],"version-history":[{"count":1,"href":"https:\/\/dgospel.com.br\/portal\/index.php\/wp-json\/wp\/v2\/posts\/8787\/revisions"}],"predecessor-version":[{"id":8789,"href":"https:\/\/dgospel.com.br\/portal\/index.php\/wp-json\/wp\/v2\/posts\/8787\/revisions\/8789"}],"wp:featuredmedia":[{"embeddable":true,"href":"https:\/\/dgospel.com.br\/portal\/index.php\/wp-json\/wp\/v2\/media\/8788"}],"wp:attachment":[{"href":"https:\/\/dgospel.com.br\/portal\/index.php\/wp-json\/wp\/v2\/media?parent=8787"}],"wp:term":[{"taxonomy":"category","embeddable":true,"href":"https:\/\/dgospel.com.br\/portal\/index.php\/wp-json\/wp\/v2\/categories?post=8787"},{"taxonomy":"post_tag","embeddable":true,"href":"https:\/\/dgospel.com.br\/portal\/index.php\/wp-json\/wp\/v2\/tags?post=8787"}],"curies":[{"name":"wp","href":"https:\/\/api.w.org\/{rel}","templated":true}]}}