{"id":879,"date":"2018-08-01T17:24:33","date_gmt":"2018-08-01T20:24:33","guid":{"rendered":"http:\/\/dgospel.com.br\/portal\/?p=879"},"modified":"2018-08-01T17:24:33","modified_gmt":"2018-08-01T20:24:33","slug":"meirelles-participa-de-reuniao-fechada-com-evangelicos-as-vesperas-da-convencao","status":"publish","type":"post","link":"https:\/\/dgospel.com.br\/portal\/index.php\/2018\/08\/01\/meirelles-participa-de-reuniao-fechada-com-evangelicos-as-vesperas-da-convencao\/","title":{"rendered":"Meirelles participa de reuni\u00e3o fechada com evang\u00e9licos \u00e1s v\u00e9speras da conven\u00e7\u00e3o"},"content":{"rendered":"<p>\u00c0s v\u00e9speras da conven\u00e7\u00e3o que deve consagrar Henrique Meirelles como candidato ao Planalto pelo MDB, o ex-ministro da Fazenda participou nessa ter\u00e7a-feira (31) de encontro com evang\u00e9licos.<\/p>\n<p>Na entrada do evento, Meirelles contou aos jornalistas que o presidenci\u00e1vel est\u00e1 em fase de ter comunica\u00e7\u00e3o com todos os segmentos da sociedade, principalmente com os evang\u00e9licos.<\/p>\n<p>O presidenci\u00e1vel citou ainda que, durante o encontro em Bras\u00edlia, falou sobre pontos importantes em seus projetos de governo, como emprego e reformas.<\/p>\n<p>\u201cO emprego \u00e9 fundamental para qualquer pessoa. O emprego d\u00e1 condi\u00e7\u00f5es, n\u00e3o s\u00f3 de uma vida melhor, mas oferece mais dignidade. E a economia crescendo n\u00e3o \u00e9 somente uma coisa acad\u00eamica, com a economia crescendo significa emprego para cada um significa mais renda, infla\u00e7\u00e3o controlada. Em resumo, \u00e9 uma melhora na vida de cada pessoa, impacta em todos\u201d.<\/p>\n<p>Com representantes das Assembleias de Deus de diversos estados do pa\u00eds, Meirelles citou que deve levar para seu governo a mesma efici\u00eancia de gest\u00e3o que j\u00e1 possui no seu historio recente.<\/p>\n<p>O pastor Douglas Batista, presidente do Conselho de Educa\u00e7\u00e3o e Cultura da Conven\u00e7\u00e3o Geral das Assembleias de Deus do Brasil, cita a import\u00e2ncia do ex-ministro em governos passado para retirar o Brasil de crises econ\u00f4micas.<\/p>\n<p>\u201cEle teve momentos cruciais na economia do Brasil, em v\u00e1rios governos e isso \u00e9 um m\u00e9rito que ele tem, isso n\u00e3o se pode negar, quanto a sua habilidade na \u00e1rea financeira. Eu acredito que esse \u00e9 o ponto mais forte\u201d.<\/p>\n<p>Henrique Meirelles tamb\u00e9m citou que ainda n\u00e3o decidiu quem ser\u00e1 seu vice-presidente, e que s\u00f3 a partir da conven\u00e7\u00e3o do MDB, que acontece nesta quinta-feira (2), dever\u00e1 ter uma delega\u00e7\u00e3o executiva para fechar o vice.<\/p>\n<p><strong>Por Juliana Gon\u00e7alves<\/strong><\/p>\n<p>&nbsp;<\/p>\n","protected":false},"excerpt":{"rendered":"<p>\u00c0s v\u00e9speras da conven\u00e7\u00e3o que deve consagrar Henrique Meirelles como candidato ao Planalto pelo MDB, o ex-ministro da Fazenda participou nessa ter\u00e7a-feira (31) de encontro com evang\u00e9licos. Na entrada do evento, Meirelles contou aos jornalistas que o presidenci\u00e1vel est\u00e1 em fase de ter comunica\u00e7\u00e3o com todos os segmentos da sociedade, principalmente com os evang\u00e9licos. O [&hellip;]<\/p>\n","protected":false},"author":2,"featured_media":880,"comment_status":"open","ping_status":"open","sticky":false,"template":"","format":"standard","meta":[],"categories":[2,4],"tags":[],"_links":{"self":[{"href":"https:\/\/dgospel.com.br\/portal\/index.php\/wp-json\/wp\/v2\/posts\/879"}],"collection":[{"href":"https:\/\/dgospel.com.br\/portal\/index.php\/wp-json\/wp\/v2\/posts"}],"about":[{"href":"https:\/\/dgospel.com.br\/portal\/index.php\/wp-json\/wp\/v2\/types\/post"}],"author":[{"embeddable":true,"href":"https:\/\/dgospel.com.br\/portal\/index.php\/wp-json\/wp\/v2\/users\/2"}],"replies":[{"embeddable":true,"href":"https:\/\/dgospel.com.br\/portal\/index.php\/wp-json\/wp\/v2\/comments?post=879"}],"version-history":[{"count":1,"href":"https:\/\/dgospel.com.br\/portal\/index.php\/wp-json\/wp\/v2\/posts\/879\/revisions"}],"predecessor-version":[{"id":881,"href":"https:\/\/dgospel.com.br\/portal\/index.php\/wp-json\/wp\/v2\/posts\/879\/revisions\/881"}],"wp:featuredmedia":[{"embeddable":true,"href":"https:\/\/dgospel.com.br\/portal\/index.php\/wp-json\/wp\/v2\/media\/880"}],"wp:attachment":[{"href":"https:\/\/dgospel.com.br\/portal\/index.php\/wp-json\/wp\/v2\/media?parent=879"}],"wp:term":[{"taxonomy":"category","embeddable":true,"href":"https:\/\/dgospel.com.br\/portal\/index.php\/wp-json\/wp\/v2\/categories?post=879"},{"taxonomy":"post_tag","embeddable":true,"href":"https:\/\/dgospel.com.br\/portal\/index.php\/wp-json\/wp\/v2\/tags?post=879"}],"curies":[{"name":"wp","href":"https:\/\/api.w.org\/{rel}","templated":true}]}}