{"id":8793,"date":"2021-07-01T15:50:21","date_gmt":"2021-07-01T18:50:21","guid":{"rendered":"http:\/\/dgospel.com.br\/portal\/?p=8793"},"modified":"2021-07-01T15:50:22","modified_gmt":"2021-07-01T18:50:22","slug":"ministerio-mergulhar-lanca-single-com-luciano-camargo","status":"publish","type":"post","link":"https:\/\/dgospel.com.br\/portal\/index.php\/2021\/07\/01\/ministerio-mergulhar-lanca-single-com-luciano-camargo\/","title":{"rendered":"Minist\u00e9rio Mergulhar lan\u00e7a single com Luciano Camargo"},"content":{"rendered":"\n<p>O Minist\u00e9rio Mergulhar lan\u00e7a nesta sexta-feira (25) a m\u00fasica \u201cHabita em Mim\u201d com participa\u00e7\u00e3o especial de&nbsp;<a href=\"https:\/\/guiame.com.br\/musica\/nacional\/luciano-camargo-grava-album-gospel-apos-chamado-em-igreja-traduzo-meu-dom-em-louvores.html\"><strong>Luciano Camargo<\/strong><\/a>. O single j\u00e1 est\u00e1 dispon\u00edvel em todas as plataformas digitais e no YouTube.<\/p>\n\n\n\n<p>\u201cGratid\u00e3o resume esse projeto t\u00e3o especial. Estamos muito felizes em ter o Luciano Camargo, nessa can\u00e7\u00e3o t\u00e3o aben\u00e7oadora, que tenho certeza que tocar\u00e1 muitos cora\u00e7\u00f5es\u201d, conta Thiago, vocalista da banda.<\/p>\n\n\n\n<p>\u201cHabita em mim\u201d \u00e9 uma can\u00e7\u00e3o em forma de ora\u00e7\u00e3o, onde \u00e9 exaltado o amor de Deus por cada um de n\u00f3s e sobre sua perfeita cria\u00e7\u00e3o da humanidade.<\/p>\n\n\n\n<p>\u201cMeu primeiro contato com o Thiago foi atrav\u00e9s da Sony e come\u00e7amos a ter uma afinidade muito grande e trocar mensagens. A partir da\u00ed surgiu o convite para participar desse projeto, para minha felicidade. Ao ouvir \u2018Habita em mim\u2019 foi arrebatador e n\u00e3o tive d\u00favidas\u201d, afirma Luciano.<\/p>\n\n\n\n<p>\u201cO Thiago foi de um respeito enorme, pois dividiu todos os passos da constru\u00e7\u00e3o dessa faixa comigo e isso me entusiasmou cada vez mais. O que eu espero \u00e9 que essa m\u00fasica alcance o m\u00e1ximo de pessoas e que elas se sintam abra\u00e7adas. E para mim \u00e9 um privil\u00e9gio muito grande em participar\u201d, Luciano acrescenta.<\/p>\n\n\n\n<p>A faixa foi produzida por Jean Michel, guitarrista do Minist\u00e9rio Mergulhar, a m\u00fasica \u00e9 o primeiro lan\u00e7amento in\u00e9dito da banda nesse ano. E para o segundo semestre h\u00e1 o lan\u00e7amento de um EP com faixas in\u00e9ditas.<\/p>\n\n\n\n<p><em>Veja:<\/em><\/p>\n\n\n\n<figure class=\"wp-block-embed-youtube wp-block-embed is-type-video is-provider-youtube wp-embed-aspect-16-9 wp-has-aspect-ratio\"><div class=\"wp-block-embed__wrapper\">\n<iframe loading=\"lazy\" title=\"Habita em Mim - Minist\u00e9rio Mergulhar | Luciano Camargo\" width=\"630\" height=\"354\" src=\"https:\/\/www.youtube.com\/embed\/IV3MKa8OTgg?start=1&#038;feature=oembed\" frameborder=\"0\" allow=\"accelerometer; autoplay; clipboard-write; encrypted-media; gyroscope; picture-in-picture\" allowfullscreen><\/iframe>\n<\/div><\/figure>\n\n\n\n<p>\n\nFONTE: GUIAME\n\n<\/p>\n","protected":false},"excerpt":{"rendered":"<p>O Minist\u00e9rio Mergulhar lan\u00e7a nesta sexta-feira (25) a m\u00fasica \u201cHabita em Mim\u201d com participa\u00e7\u00e3o especial de&nbsp;Luciano Camargo. O single j\u00e1 est\u00e1 dispon\u00edvel em todas as plataformas digitais e no YouTube. \u201cGratid\u00e3o resume esse projeto t\u00e3o especial. Estamos muito felizes em ter o Luciano Camargo, nessa can\u00e7\u00e3o t\u00e3o aben\u00e7oadora, que tenho certeza que tocar\u00e1 muitos cora\u00e7\u00f5es\u201d, [&hellip;]<\/p>\n","protected":false},"author":2,"featured_media":8794,"comment_status":"open","ping_status":"open","sticky":false,"template":"","format":"standard","meta":[],"categories":[17,5],"tags":[],"_links":{"self":[{"href":"https:\/\/dgospel.com.br\/portal\/index.php\/wp-json\/wp\/v2\/posts\/8793"}],"collection":[{"href":"https:\/\/dgospel.com.br\/portal\/index.php\/wp-json\/wp\/v2\/posts"}],"about":[{"href":"https:\/\/dgospel.com.br\/portal\/index.php\/wp-json\/wp\/v2\/types\/post"}],"author":[{"embeddable":true,"href":"https:\/\/dgospel.com.br\/portal\/index.php\/wp-json\/wp\/v2\/users\/2"}],"replies":[{"embeddable":true,"href":"https:\/\/dgospel.com.br\/portal\/index.php\/wp-json\/wp\/v2\/comments?post=8793"}],"version-history":[{"count":1,"href":"https:\/\/dgospel.com.br\/portal\/index.php\/wp-json\/wp\/v2\/posts\/8793\/revisions"}],"predecessor-version":[{"id":8795,"href":"https:\/\/dgospel.com.br\/portal\/index.php\/wp-json\/wp\/v2\/posts\/8793\/revisions\/8795"}],"wp:featuredmedia":[{"embeddable":true,"href":"https:\/\/dgospel.com.br\/portal\/index.php\/wp-json\/wp\/v2\/media\/8794"}],"wp:attachment":[{"href":"https:\/\/dgospel.com.br\/portal\/index.php\/wp-json\/wp\/v2\/media?parent=8793"}],"wp:term":[{"taxonomy":"category","embeddable":true,"href":"https:\/\/dgospel.com.br\/portal\/index.php\/wp-json\/wp\/v2\/categories?post=8793"},{"taxonomy":"post_tag","embeddable":true,"href":"https:\/\/dgospel.com.br\/portal\/index.php\/wp-json\/wp\/v2\/tags?post=8793"}],"curies":[{"name":"wp","href":"https:\/\/api.w.org\/{rel}","templated":true}]}}