{"id":8796,"date":"2021-07-01T15:54:06","date_gmt":"2021-07-01T18:54:06","guid":{"rendered":"http:\/\/dgospel.com.br\/portal\/?p=8796"},"modified":"2021-07-01T15:54:07","modified_gmt":"2021-07-01T18:54:07","slug":"arthur-lira-ironiza-cpi-da-covid-belissimo-trabalho-imparcial","status":"publish","type":"post","link":"https:\/\/dgospel.com.br\/portal\/index.php\/2021\/07\/01\/arthur-lira-ironiza-cpi-da-covid-belissimo-trabalho-imparcial\/","title":{"rendered":"Arthur Lira ironiza CPI da Covid: \u2018Bel\u00edssimo trabalho, imparcial\u2019"},"content":{"rendered":"\n<p>O presidente da C\u00e2mara dos Deputados,&nbsp;<a href=\"https:\/\/pleno.news\/tag\/arthur-lira\" target=\"_blank\" rel=\"noreferrer noopener\">Arthur Lira<\/a>&nbsp;(PP-AL), ironizou a&nbsp;<a href=\"https:\/\/pleno.news\/tag\/cpi-da-covid\" target=\"_blank\" rel=\"noreferrer noopener\">CPI da Covid<\/a>, ao comentar sobre o \u201csuperpedido\u201d de impeachment contra o presidente&nbsp;<a href=\"https:\/\/pleno.news\/tag\/jair-bolsonaro\" target=\"_blank\" rel=\"noreferrer noopener\">Jair Bolsonaro<\/a>, protocolado na C\u00e2mara dos Deputados na quarta-feira (30). Lira, que sempre se colocou contra a instala\u00e7\u00e3o de uma CPI neste momento, respondeu \u00e0 indaga\u00e7\u00e3o de jornalista se iria aguardar que a mesma terminasse.<\/p>\n\n\n\n<p>\u2013 Vou esperar a CPI, [que] est\u00e1 fazendo um bel\u00edssimo trabalho, bem imparcial \u2013 disse Lira em tom ir\u00f4nico.<\/p>\n\n\n\n<p>O presidente da Casa n\u00e3o pretende analisar o documento por enquanto.<\/p>\n\n\n\n<p>\u2013 N\u00e3o ser\u00e1 feito agora, n\u00e9. Tem que esperar. O que houve nesse superpedido? Uma compila\u00e7\u00e3o de tudo o que j\u00e1 existia nos outros, e esses depoimentos quem tem que apurar \u00e9 a CPI. \u00c9 para isso que ela existe. Ent\u00e3o, ao final dela, a gente se posiciona aqui porque, na realidade, impeachment, como a\u00e7\u00e3o pol\u00edtica, a gente n\u00e3o faz com discurso, a gente faz com materialidade \u2013 afirmou.<\/p>\n\n\n\n<p>De acordo com Lira, antes do \u201csuperpedido\u201d, ainda \u201ctem 120 na fila\u201d.<\/p>\n","protected":false},"excerpt":{"rendered":"<p>O presidente da C\u00e2mara dos Deputados,&nbsp;Arthur Lira&nbsp;(PP-AL), ironizou a&nbsp;CPI da Covid, ao comentar sobre o \u201csuperpedido\u201d de impeachment contra o presidente&nbsp;Jair Bolsonaro, protocolado na C\u00e2mara dos Deputados na quarta-feira (30). Lira, que sempre se colocou contra a instala\u00e7\u00e3o de uma CPI neste momento, respondeu \u00e0 indaga\u00e7\u00e3o de jornalista se iria aguardar que a mesma terminasse. [&hellip;]<\/p>\n","protected":false},"author":2,"featured_media":8797,"comment_status":"open","ping_status":"open","sticky":false,"template":"","format":"standard","meta":[],"categories":[4],"tags":[13],"_links":{"self":[{"href":"https:\/\/dgospel.com.br\/portal\/index.php\/wp-json\/wp\/v2\/posts\/8796"}],"collection":[{"href":"https:\/\/dgospel.com.br\/portal\/index.php\/wp-json\/wp\/v2\/posts"}],"about":[{"href":"https:\/\/dgospel.com.br\/portal\/index.php\/wp-json\/wp\/v2\/types\/post"}],"author":[{"embeddable":true,"href":"https:\/\/dgospel.com.br\/portal\/index.php\/wp-json\/wp\/v2\/users\/2"}],"replies":[{"embeddable":true,"href":"https:\/\/dgospel.com.br\/portal\/index.php\/wp-json\/wp\/v2\/comments?post=8796"}],"version-history":[{"count":1,"href":"https:\/\/dgospel.com.br\/portal\/index.php\/wp-json\/wp\/v2\/posts\/8796\/revisions"}],"predecessor-version":[{"id":8798,"href":"https:\/\/dgospel.com.br\/portal\/index.php\/wp-json\/wp\/v2\/posts\/8796\/revisions\/8798"}],"wp:featuredmedia":[{"embeddable":true,"href":"https:\/\/dgospel.com.br\/portal\/index.php\/wp-json\/wp\/v2\/media\/8797"}],"wp:attachment":[{"href":"https:\/\/dgospel.com.br\/portal\/index.php\/wp-json\/wp\/v2\/media?parent=8796"}],"wp:term":[{"taxonomy":"category","embeddable":true,"href":"https:\/\/dgospel.com.br\/portal\/index.php\/wp-json\/wp\/v2\/categories?post=8796"},{"taxonomy":"post_tag","embeddable":true,"href":"https:\/\/dgospel.com.br\/portal\/index.php\/wp-json\/wp\/v2\/tags?post=8796"}],"curies":[{"name":"wp","href":"https:\/\/api.w.org\/{rel}","templated":true}]}}