{"id":8802,"date":"2021-07-01T16:05:01","date_gmt":"2021-07-01T19:05:01","guid":{"rendered":"http:\/\/dgospel.com.br\/portal\/?p=8802"},"modified":"2021-07-01T16:05:03","modified_gmt":"2021-07-01T19:05:03","slug":"bolsonaro-critica-articulacao-no-stf-contra-o-voto-impresso","status":"publish","type":"post","link":"https:\/\/dgospel.com.br\/portal\/index.php\/2021\/07\/01\/bolsonaro-critica-articulacao-no-stf-contra-o-voto-impresso\/","title":{"rendered":"Bolsonaro critica \u201carticula\u00e7\u00e3o\u201d no STF contra o voto impresso"},"content":{"rendered":"\n<p>Em conversa com apoiadores na manh\u00e3 desta quinta-feira (1\u00b0), o presidente&nbsp;<a href=\"https:\/\/pleno.news\/tag\/jair-bolsonaro\" target=\"_blank\" rel=\"noreferrer noopener\">Jair Bolsonaro<\/a>&nbsp;voltou a questionar a seguran\u00e7a da urna eletr\u00f4nica e reclamou da articula\u00e7\u00e3o entre os ministros do Supremo Tribunal Federal (<a href=\"https:\/\/pleno.news\/tag\/stf\" target=\"_blank\" rel=\"noreferrer noopener\">STF<\/a>) contra o tema, dizendo que, caso o voto audit\u00e1vel n\u00e3o seja implementado no pleito de 2022, \u201celes v\u00e3o ter que apresentar uma maneira de ter elei\u00e7\u00f5es limpas\u201d.<\/p>\n\n\n\n<p>Bolsonaro afirmou: \u201cComo est\u00e1 a\u00ed, a fraude est\u00e1 escancarada\u201d. Segundo ele, a suposta adultera\u00e7\u00e3o nas urnas eletr\u00f4nicas t\u00eam objetivo de tornar seu advers\u00e1rio pol\u00edtico, o ex-presidente Luiz In\u00e1cio Lula da Silva (PT), vencedor nas elei\u00e7\u00f5es de 2022.<\/p>\n\n\n\n<p>\u2013 Tiraram o Lula da cadeia. Tornaram-no eleg\u00edvel para ele ser presidente na fraude. Isso n\u00e3o vai acontecer \u2013 declarou Bolsonaro.<\/p>\n\n\n\n<p>O presidente da Rep\u00fablica repudiou a postura dos ministros Lu\u00eds Roberto Barroso, Alexandre de Moraes e Gilmar Mendes, que atuaram para demover os partidos da ideia de aprovar o voto impresso. Bolsonaro afirmou que, se a resist\u00eancia ao voto impresso prosperar, \u201cesses tr\u00eas ministros v\u00e3o ter que inventar uma outra maneira de termos elei\u00e7\u00f5es confi\u00e1veis\u201d.<\/p>\n\n\n\n<p>*Com informa\u00e7\u00f5es AE<\/p>\n","protected":false},"excerpt":{"rendered":"<p>Em conversa com apoiadores na manh\u00e3 desta quinta-feira (1\u00b0), o presidente&nbsp;Jair Bolsonaro&nbsp;voltou a questionar a seguran\u00e7a da urna eletr\u00f4nica e reclamou da articula\u00e7\u00e3o entre os ministros do Supremo Tribunal Federal (STF) contra o tema, dizendo que, caso o voto audit\u00e1vel n\u00e3o seja implementado no pleito de 2022, \u201celes v\u00e3o ter que apresentar uma maneira de [&hellip;]<\/p>\n","protected":false},"author":2,"featured_media":8803,"comment_status":"open","ping_status":"open","sticky":false,"template":"","format":"standard","meta":[],"categories":[4],"tags":[13,14],"_links":{"self":[{"href":"https:\/\/dgospel.com.br\/portal\/index.php\/wp-json\/wp\/v2\/posts\/8802"}],"collection":[{"href":"https:\/\/dgospel.com.br\/portal\/index.php\/wp-json\/wp\/v2\/posts"}],"about":[{"href":"https:\/\/dgospel.com.br\/portal\/index.php\/wp-json\/wp\/v2\/types\/post"}],"author":[{"embeddable":true,"href":"https:\/\/dgospel.com.br\/portal\/index.php\/wp-json\/wp\/v2\/users\/2"}],"replies":[{"embeddable":true,"href":"https:\/\/dgospel.com.br\/portal\/index.php\/wp-json\/wp\/v2\/comments?post=8802"}],"version-history":[{"count":1,"href":"https:\/\/dgospel.com.br\/portal\/index.php\/wp-json\/wp\/v2\/posts\/8802\/revisions"}],"predecessor-version":[{"id":8804,"href":"https:\/\/dgospel.com.br\/portal\/index.php\/wp-json\/wp\/v2\/posts\/8802\/revisions\/8804"}],"wp:featuredmedia":[{"embeddable":true,"href":"https:\/\/dgospel.com.br\/portal\/index.php\/wp-json\/wp\/v2\/media\/8803"}],"wp:attachment":[{"href":"https:\/\/dgospel.com.br\/portal\/index.php\/wp-json\/wp\/v2\/media?parent=8802"}],"wp:term":[{"taxonomy":"category","embeddable":true,"href":"https:\/\/dgospel.com.br\/portal\/index.php\/wp-json\/wp\/v2\/categories?post=8802"},{"taxonomy":"post_tag","embeddable":true,"href":"https:\/\/dgospel.com.br\/portal\/index.php\/wp-json\/wp\/v2\/tags?post=8802"}],"curies":[{"name":"wp","href":"https:\/\/api.w.org\/{rel}","templated":true}]}}