{"id":8805,"date":"2021-07-01T16:08:13","date_gmt":"2021-07-01T19:08:13","guid":{"rendered":"http:\/\/dgospel.com.br\/portal\/?p=8805"},"modified":"2021-07-01T16:08:14","modified_gmt":"2021-07-01T19:08:14","slug":"vice-governador-debate-regularizacao-fundiaria-com-moradores-do-setor-lago-do-taquari-ii-em-palmas","status":"publish","type":"post","link":"https:\/\/dgospel.com.br\/portal\/index.php\/2021\/07\/01\/vice-governador-debate-regularizacao-fundiaria-com-moradores-do-setor-lago-do-taquari-ii-em-palmas\/","title":{"rendered":"Vice-governador debate regulariza\u00e7\u00e3o fundi\u00e1ria com moradores do setor Lago do Taquari II em Palmas"},"content":{"rendered":"\n<p>O vice-governador do Estado do Tocantins, Wanderlei Barbosa, reuniu-se na noite dessa quarta-feira, 30, com moradores do setor Lago do Taquari II, em Palmas, para tratar da regulariza\u00e7\u00e3o fundi\u00e1ria de suas propriedades rurais, para ent\u00e3o ter condi\u00e7\u00f5es de contrair empr\u00e9stimo e ver o setor prosperar. Para tratar destas regulariza\u00e7\u00f5es fundi\u00e1rias de lotes de mais de 300 fam\u00edlias, a reuni\u00e3o contou com a presen\u00e7a do presidente do Instituto de Terras do Tocantins (Itertins), Divino Ribeiro.<\/p>\n\n\n\n<p>Os moradores do setor lutam pela regulariza\u00e7\u00e3o das terras h\u00e1 mais de 10 anos. A residente Rosinei Maria da Silva destacou que muitos pais e m\u00e3es est\u00e3o desempregados devido \u00e0 pandemia e que a regulariza\u00e7\u00e3o seria uma oportunidade de renovar as esperan\u00e7as em dias melhores. \u201cEsse \u00e9 um momento muito oportuno, pois muitas fam\u00edlias s\u00e3o carentes. H\u00e1 mais de 10 anos, n\u00f3s lutamos para regularizar estas terras e viver com mais dignidade\u201d, contou a moradora.<\/p>\n\n\n\n<p>O presidente do Itertins, Divino Ribeiro, afirmou que a gest\u00e3o do governador Mauro Carlesse busca ver toda a situa\u00e7\u00e3o de perto. \u201cResolvemos vir aqui, a convite do Vice-governador, para iniciarmos um levantamento para saber quem est\u00e1 aqui de verdade, e vermos caso por caso e definir possibilidade de arruamento, e como vai ser feito isso. E quero crer que consigamos iniciar esse levantamento dentro de 15 dias\u201d, ressaltou Divino Ribeiro.<\/p>\n\n\n\n<p>O vice-governador Wanderlei Barbosa afirmou que a gest\u00e3o municipalista foi ao local para buscar o caminho da regulariza\u00e7\u00e3o. \u201cTemos feito um trabalho de titula\u00e7\u00e3o das \u00e1reas particulares das pessoas que s\u00f3 tinham direito de posse pelo Tocantins afora. S\u00e3o 80 mil t\u00edtulos que vamos expedir. O que n\u00e3o queremos \u00e9 que as pessoas levem preju\u00edzo. As fam\u00edlias vieram para c\u00e1 e se firmaram aqui h\u00e1 mais de 10 anos. N\u00f3s vamos agir de maneira t\u00e9cnica com respeito administrativo por voc\u00eas\u201d, destacou.<\/p>\n\n\n\n<p>O Vice-governador contou que conversou com os l\u00edderes da associa\u00e7\u00e3o do setor e que constru\u00edram uma situa\u00e7\u00e3o de discuss\u00e3o a respeito do tema. \u201cExistem muitas fam\u00edlias no Tocantins que est\u00e3o na mesma situa\u00e7\u00e3o de voc\u00eas, n\u00e3o podem pegar um empr\u00e9stimo, porque n\u00e3o t\u00eam a escritura da propriedade. Por isso viemos aqui. Vamos discutir isso. O Itertins ir\u00e1 conversar com todos os envolvidos nesse processo. Um t\u00edtulo \u00e9 como uma certid\u00e3o de nascimento, uma identidade, ele prova que a propriedade \u00e9 sua\u201d, explicou o Vice-governador.<\/p>\n\n\n\n<p><strong>Presen\u00e7as<\/strong><\/p>\n\n\n\n<p>Na ocasi\u00e3o, estavam presentes o vice-presidente do Itertins, Ant\u00f4nio Cardoso; o diretor de regulariza\u00e7\u00e3o fundi\u00e1ria do Itertins, Onercy Castelo Branco; o gerente de Regulariza\u00e7\u00e3o Fundi\u00e1ria do Munic\u00edpio de Palmas, Aldenor Fonseca; a deputada estadual Vanda Monteiro; e os vereadores de Palmas, Marilon Barbosa e J\u00fanior Bras\u00e3o.<\/p>\n","protected":false},"excerpt":{"rendered":"<p>O vice-governador do Estado do Tocantins, Wanderlei Barbosa, reuniu-se na noite dessa quarta-feira, 30, com moradores do setor Lago do Taquari II, em Palmas, para tratar da regulariza\u00e7\u00e3o fundi\u00e1ria de suas propriedades rurais, para ent\u00e3o ter condi\u00e7\u00f5es de contrair empr\u00e9stimo e ver o setor prosperar. Para tratar destas regulariza\u00e7\u00f5es fundi\u00e1rias de lotes de mais de [&hellip;]<\/p>\n","protected":false},"author":2,"featured_media":8806,"comment_status":"open","ping_status":"open","sticky":false,"template":"","format":"standard","meta":[],"categories":[3],"tags":[13],"_links":{"self":[{"href":"https:\/\/dgospel.com.br\/portal\/index.php\/wp-json\/wp\/v2\/posts\/8805"}],"collection":[{"href":"https:\/\/dgospel.com.br\/portal\/index.php\/wp-json\/wp\/v2\/posts"}],"about":[{"href":"https:\/\/dgospel.com.br\/portal\/index.php\/wp-json\/wp\/v2\/types\/post"}],"author":[{"embeddable":true,"href":"https:\/\/dgospel.com.br\/portal\/index.php\/wp-json\/wp\/v2\/users\/2"}],"replies":[{"embeddable":true,"href":"https:\/\/dgospel.com.br\/portal\/index.php\/wp-json\/wp\/v2\/comments?post=8805"}],"version-history":[{"count":1,"href":"https:\/\/dgospel.com.br\/portal\/index.php\/wp-json\/wp\/v2\/posts\/8805\/revisions"}],"predecessor-version":[{"id":8807,"href":"https:\/\/dgospel.com.br\/portal\/index.php\/wp-json\/wp\/v2\/posts\/8805\/revisions\/8807"}],"wp:featuredmedia":[{"embeddable":true,"href":"https:\/\/dgospel.com.br\/portal\/index.php\/wp-json\/wp\/v2\/media\/8806"}],"wp:attachment":[{"href":"https:\/\/dgospel.com.br\/portal\/index.php\/wp-json\/wp\/v2\/media?parent=8805"}],"wp:term":[{"taxonomy":"category","embeddable":true,"href":"https:\/\/dgospel.com.br\/portal\/index.php\/wp-json\/wp\/v2\/categories?post=8805"},{"taxonomy":"post_tag","embeddable":true,"href":"https:\/\/dgospel.com.br\/portal\/index.php\/wp-json\/wp\/v2\/tags?post=8805"}],"curies":[{"name":"wp","href":"https:\/\/api.w.org\/{rel}","templated":true}]}}