{"id":8811,"date":"2021-07-01T16:11:36","date_gmt":"2021-07-01T19:11:36","guid":{"rendered":"http:\/\/dgospel.com.br\/portal\/?p=8811"},"modified":"2021-07-01T16:11:37","modified_gmt":"2021-07-01T19:11:37","slug":"orgaos-de-seguranca-e-fiscalizacao-do-governo-do-tocantins-alinham-acoes-da-operacao-tolerancia-zero-na-capital-e-em-luzimangues","status":"publish","type":"post","link":"https:\/\/dgospel.com.br\/portal\/index.php\/2021\/07\/01\/orgaos-de-seguranca-e-fiscalizacao-do-governo-do-tocantins-alinham-acoes-da-operacao-tolerancia-zero-na-capital-e-em-luzimangues\/","title":{"rendered":"\u00d3rg\u00e3os de seguran\u00e7a e fiscaliza\u00e7\u00e3o do Governo do Tocantins alinham a\u00e7\u00f5es da opera\u00e7\u00e3o Toler\u00e2ncia Zero na Capital e em Luzimangues"},"content":{"rendered":"\n<p>Uma reuni\u00e3o, para o ajuste de a\u00e7\u00f5es da For\u00e7a-Tarefa da opera\u00e7\u00e3o&nbsp;<em>Toler\u00e2ncia Zero<\/em>, ocorreu nesta quinta-feira, 1\u00b0 de julho, no Quartel do Comando-Geral da Pol\u00edcia Militar. Al\u00e9m de representantes de diversos \u00f3rg\u00e3os da seguran\u00e7a p\u00fablica e de fiscaliza\u00e7\u00e3o estaduais, contou com a presen\u00e7a de representantes municipais de Palmas e Porto Nacional.&nbsp;<\/p>\n\n\n\n<p>O objetivo da reuni\u00e3o foi alinhar e planejar as a\u00e7\u00f5es integradas que ser\u00e3o realizadas neste s\u00e1bado, 3, com vistas a garantir o cumprimento do Decreto Estadual que estabelece medidas contra a dissemina\u00e7\u00e3o da Covid-19.<\/p>\n\n\n\n<p>Cada \u00f3rg\u00e3o estabeleceu quantos agentes poder\u00e3o participar das equipes, que refor\u00e7ar\u00e3o o policiamento e a fiscaliza\u00e7\u00e3o em tr\u00eas pontos pr\u00e9-estabelecidos: na regi\u00e3o sul da Capital, no Plano Diretor e em Luzimangues, Distrito de Porto Nacional.<\/p>\n\n\n\n<p>As estrat\u00e9gias operacionais e administrativas observam a compet\u00eancia de cada for\u00e7a conforme a legisla\u00e7\u00e3o, cabendo \u00e0 Pol\u00edcia Militar o policiamento ostensivo e a preserva\u00e7\u00e3o da ordem p\u00fablica.<\/p>\n\n\n\n<p>O chefe de Estado-Maior da PM, coronel Wesley Borges Costa, externou sua satisfa\u00e7\u00e3o com o trabalho integrado que j\u00e1 vem sendo feito, entre as for\u00e7as, desde o in\u00edcio da pandemia e refor\u00e7ou que s\u00f3 com a parceria de todos a atua\u00e7\u00e3o ser\u00e1 efetiva.<\/p>\n\n\n\n<p><strong>For\u00e7a-Tarefa Toler\u00e2ncia Zero&nbsp;<\/strong><\/p>\n\n\n\n<p>O Decreto n\u00b0 6.230, assinado pelo governador do Estado do Tocantins, Mauro Carlesse, tem o objetivo de prevenir e enfrentar as condutas que contribuam para a propaga\u00e7\u00e3o do novo Coronav\u00edrus. O pacote de medidas instituiu ainda a For\u00e7a-Tarefa&nbsp;<em>Toler\u00e2ncia Zero<\/em>, que atuar\u00e1 de maneira a garantir o cumprimento do decreto e dispersar eventos e aglomera\u00e7\u00f5es.<\/p>\n\n\n\n<p>Dentre as medidas elencadas no decreto, fica proibida a realiza\u00e7\u00e3o de eventos de qualquer natureza, al\u00e9m da aplica\u00e7\u00e3o de penalidades, em caso de descumprimento de regras, para pessoas f\u00edsicas e\/ou jur\u00eddicas, como: advert\u00eancia, multas, interdi\u00e7\u00e3o parcial ou total do estabelecimento, cancelamento de autoriza\u00e7\u00e3o para funcionamento de empresa e cancelamento do alvar\u00e1 de licenciamento.<\/p>\n","protected":false},"excerpt":{"rendered":"<p>Uma reuni\u00e3o, para o ajuste de a\u00e7\u00f5es da For\u00e7a-Tarefa da opera\u00e7\u00e3o&nbsp;Toler\u00e2ncia Zero, ocorreu nesta quinta-feira, 1\u00b0 de julho, no Quartel do Comando-Geral da Pol\u00edcia Militar. Al\u00e9m de representantes de diversos \u00f3rg\u00e3os da seguran\u00e7a p\u00fablica e de fiscaliza\u00e7\u00e3o estaduais, contou com a presen\u00e7a de representantes municipais de Palmas e Porto Nacional.&nbsp; O objetivo da reuni\u00e3o foi [&hellip;]<\/p>\n","protected":false},"author":2,"featured_media":8812,"comment_status":"open","ping_status":"open","sticky":false,"template":"","format":"standard","meta":[],"categories":[3],"tags":[],"_links":{"self":[{"href":"https:\/\/dgospel.com.br\/portal\/index.php\/wp-json\/wp\/v2\/posts\/8811"}],"collection":[{"href":"https:\/\/dgospel.com.br\/portal\/index.php\/wp-json\/wp\/v2\/posts"}],"about":[{"href":"https:\/\/dgospel.com.br\/portal\/index.php\/wp-json\/wp\/v2\/types\/post"}],"author":[{"embeddable":true,"href":"https:\/\/dgospel.com.br\/portal\/index.php\/wp-json\/wp\/v2\/users\/2"}],"replies":[{"embeddable":true,"href":"https:\/\/dgospel.com.br\/portal\/index.php\/wp-json\/wp\/v2\/comments?post=8811"}],"version-history":[{"count":1,"href":"https:\/\/dgospel.com.br\/portal\/index.php\/wp-json\/wp\/v2\/posts\/8811\/revisions"}],"predecessor-version":[{"id":8813,"href":"https:\/\/dgospel.com.br\/portal\/index.php\/wp-json\/wp\/v2\/posts\/8811\/revisions\/8813"}],"wp:featuredmedia":[{"embeddable":true,"href":"https:\/\/dgospel.com.br\/portal\/index.php\/wp-json\/wp\/v2\/media\/8812"}],"wp:attachment":[{"href":"https:\/\/dgospel.com.br\/portal\/index.php\/wp-json\/wp\/v2\/media?parent=8811"}],"wp:term":[{"taxonomy":"category","embeddable":true,"href":"https:\/\/dgospel.com.br\/portal\/index.php\/wp-json\/wp\/v2\/categories?post=8811"},{"taxonomy":"post_tag","embeddable":true,"href":"https:\/\/dgospel.com.br\/portal\/index.php\/wp-json\/wp\/v2\/tags?post=8811"}],"curies":[{"name":"wp","href":"https:\/\/api.w.org\/{rel}","templated":true}]}}