{"id":882,"date":"2018-08-01T17:28:19","date_gmt":"2018-08-01T20:28:19","guid":{"rendered":"http:\/\/dgospel.com.br\/portal\/?p=882"},"modified":"2018-08-01T17:28:19","modified_gmt":"2018-08-01T20:28:19","slug":"siqueira-campos-comemora-aniversario-de-90-anos-e-e-homenageado","status":"publish","type":"post","link":"https:\/\/dgospel.com.br\/portal\/index.php\/2018\/08\/01\/siqueira-campos-comemora-aniversario-de-90-anos-e-e-homenageado\/","title":{"rendered":"Siqueira Campos comemora anivers\u00e1rio de 90 anos e \u00e9 homenageado"},"content":{"rendered":"<p style=\"line-height: 16.5pt; background: white; margin: 0cm 0cm 12.75pt 0cm;\"><span style=\"font-size: 13.5pt; font-family: 'Roboto','serif'; color: #222222;\">Um grupo de pioneiros de Palmas e do Tocantins comemoraram na manh\u00e3 desta quarta-feira, 1\u00ba, o anivers\u00e1rio de 90 anos do ex-governador Siqueira Campos. O grupo organizou um caf\u00e9 da manh\u00e3 t\u00edpico tocantinense e um sarau com a participa\u00e7\u00e3o de artistas da terra e da banda da Pol\u00edcia Militar.<\/span><\/p>\n<p style=\"line-height: 16.5pt; background: white; box-sizing: border-box; margin: 0cm 0cm 12.75pt 0cm;\"><span style=\"font-size: 13.5pt; font-family: 'Roboto','serif'; color: #222222;\">Dezenas de pioneiros amigos do ex-governador prestigiaram o evento, como o primeiro vice-governador e ex-deputado federal Darci Martins Coelho, o atual comandante da Pol\u00edcia Militar, coronel Jaizon Veras Barbosa, e quatro ex-comandantes, coron\u00e9is Luiz Cl\u00e1udio Ben\u00edcio, Benvindo de Sousa Sobrinho, Jan\u00edlson Veras Barbosa e Osvaldo Mota, este \u00faltimo o primeiro comandante da PM do Tocantins, representantes da Pol\u00edcia Civil, ex-secret\u00e1rios do estado, prefeitos, lideran\u00e7as pol\u00edticas e empresariais.<\/span><\/p>\n<p style=\"line-height: 16.5pt; background: white; box-sizing: border-box; margin: 0cm 0cm 12.75pt 0cm;\"><span style=\"font-size: 13.5pt; font-family: 'Roboto','serif'; color: #222222;\">Siqueira Campos chegou para o evento acompanhado pela esposa, Maril\u00facia Uchoa, dos filhos, o deputado estadual Eduardo Siqueira Campos (DEM) e Francisco Henrique, da nora e netos. O parlamentar fez uso da palavra em nome dos familiares e relembrou a luta do ex-governador como empres\u00e1rio e pol\u00edtico at\u00e9 chegar ao sonho maior de criar o Tocantins e sua capital, Palmas.<\/span><\/p>\n<p style=\"line-height: 16.5pt; background: white; box-sizing: border-box; margin: 0cm 0cm 12.75pt 0cm;\"><span style=\"font-size: 13.5pt; font-family: 'Roboto','serif'; color: #222222;\">O ex-governador agradeceu a surpresa e se disse agradecido aos presentes e ao povo tocantinenses. Siqueira Campos disse tamb\u00e9m que a homenagem revigorou seu desejo de continuar prestando servi\u00e7o ao povo tocantinense, confirmando sua pr\u00e9-candidatura a senador nas pr\u00f3ximas elei\u00e7\u00f5es.<\/span><\/p>\n<p style=\"line-height: 16.5pt; background: white; box-sizing: border-box; margin: 0cm 0cm 12.75pt 0cm;\"><strong style=\"box-sizing: border-box;\"><span style=\"font-size: 13.5pt; font-family: 'Roboto','serif'; color: #222222;\">Programa\u00e7\u00e3o<\/span><\/strong><b><span style=\"font-size: 13.5pt; font-family: 'Roboto','serif'; color: #222222;\"><br style=\"box-sizing: border-box;\" \/><\/span><\/b><span style=\"font-size: 13.5pt; font-family: 'Roboto','serif'; color: #222222;\">Durante a homenagem foi desenvolvida a seguinte programa\u00e7\u00e3o:<br style=\"box-sizing: border-box;\" \/>\u2013 Canto de parab\u00e9ns<br style=\"box-sizing: border-box;\" \/>\u2013 Apresenta\u00e7\u00e3o da m\u00fasica \u201cAvante Camaradas\u201d, pela banda da Pol\u00edcia Militar<br style=\"box-sizing: border-box;\" \/>\u2013 Leitura de texto homenagem e entrega de obras sobre a cria\u00e7\u00e3o do Tocantins e de Palmas, de autoria do jornalista Luiz Esp\u00edndola de Carvalho, entre outras obras em parceria com a tamb\u00e9m jornalista Marli Santos<br style=\"box-sizing: border-box;\" \/>\u2013 Apresenta\u00e7\u00e3o da m\u00fasica \u201cCan\u00e7\u00e3o de Amor a Palmas\u201d, pelo seu autor, Braguinha Barroso<br style=\"box-sizing: border-box;\" \/>\u2013 Apresenta\u00e7\u00e3o de um \u201cPioneiro Mirim\u201d<br style=\"box-sizing: border-box;\" \/>\u2013 Apresenta\u00e7\u00e3o dos Catireiros de Natividade<br style=\"box-sizing: border-box;\" \/>\u2013 Apresenta\u00e7\u00e3o da primeira crian\u00e7a que nasceu em Palmas<br style=\"box-sizing: border-box;\" \/>\u2013 Apresenta\u00e7\u00e3o do cantor Diomar Naves, interpretando o \u201cPai Nosso\u201d<br style=\"box-sizing: border-box;\" \/>\u2013 Explana\u00e7\u00e3o de Jota Filho sobre a cria\u00e7\u00e3o do grupo e reativa\u00e7\u00e3o da Associa\u00e7\u00e3o dos Pioneiros de Palmas&gt;<br style=\"box-sizing: border-box;\" \/>\u2013 Apresenta\u00e7\u00e3o da m\u00fasica \u201cPassarim do Jalap\u00e3o\u201d, pelo seu autor, Doriv\u00e3 Borges<br style=\"box-sizing: border-box;\" \/>\u2013 Entrega ao ex-governador de uma muda de Pau Brasil, que ser\u00e1 plantada por Siqueira Campos na Pra\u00e7a dos Girass\u00f3is, onde ser\u00e1 colocado uma placa referente ao momento hist\u00f3rico<br style=\"box-sizing: border-box;\" \/>\u2013 Apresenta\u00e7\u00e3o da m\u00fasica \u201cHino ao Tocantins\u201d, pelo seu autor, Gen\u00e9sio Tocantins<br style=\"box-sizing: border-box;\" \/>\u2013 Encerramento das apresenta\u00e7\u00f5es musicais com a execu\u00e7\u00e3o do hino \u201cAvante Camaradas\u201d, pela banda da Pol\u00edcia Militar.<\/span><\/p>\n<p style=\"line-height: 16.5pt; background: white; box-sizing: border-box; margin: 0cm 0cm 12.75pt 0cm;\"><strong style=\"box-sizing: border-box;\"><span style=\"font-size: 13.5pt; font-family: 'Roboto','serif'; color: #222222;\">Missa<\/span><\/strong><b><span style=\"font-size: 13.5pt; font-family: 'Roboto','serif'; color: #222222;\"><br style=\"box-sizing: border-box;\" \/><\/span><\/b><span style=\"font-size: 13.5pt; font-family: 'Roboto','serif'; color: #222222;\">Para comemorar o anivers\u00e1rio, o pol\u00edtico realiza uma missa de celebra\u00e7\u00e3o a partir das 19h30, nesta quarta-feira, 1\u00ba de agosto, no Santu\u00e1rio Nossa Senhora de F\u00e1tima, localizado na 308 Sul, em Palmas. (<em style=\"box-sizing: border-box;\"><span style=\"font-family: 'Roboto','serif';\">Com informa\u00e7\u00f5es da assessoria de imprensa)<\/span><\/em><\/span><\/p>\n","protected":false},"excerpt":{"rendered":"<p>Um grupo de pioneiros de Palmas e do Tocantins comemoraram na manh\u00e3 desta quarta-feira, 1\u00ba, o anivers\u00e1rio de 90 anos do ex-governador Siqueira Campos. O grupo organizou um caf\u00e9 da manh\u00e3 t\u00edpico tocantinense e um sarau com a participa\u00e7\u00e3o de artistas da terra e da banda da Pol\u00edcia Militar. Dezenas de pioneiros amigos do ex-governador [&hellip;]<\/p>\n","protected":false},"author":2,"featured_media":883,"comment_status":"open","ping_status":"open","sticky":false,"template":"","format":"standard","meta":[],"categories":[2,3,4],"tags":[],"_links":{"self":[{"href":"https:\/\/dgospel.com.br\/portal\/index.php\/wp-json\/wp\/v2\/posts\/882"}],"collection":[{"href":"https:\/\/dgospel.com.br\/portal\/index.php\/wp-json\/wp\/v2\/posts"}],"about":[{"href":"https:\/\/dgospel.com.br\/portal\/index.php\/wp-json\/wp\/v2\/types\/post"}],"author":[{"embeddable":true,"href":"https:\/\/dgospel.com.br\/portal\/index.php\/wp-json\/wp\/v2\/users\/2"}],"replies":[{"embeddable":true,"href":"https:\/\/dgospel.com.br\/portal\/index.php\/wp-json\/wp\/v2\/comments?post=882"}],"version-history":[{"count":1,"href":"https:\/\/dgospel.com.br\/portal\/index.php\/wp-json\/wp\/v2\/posts\/882\/revisions"}],"predecessor-version":[{"id":884,"href":"https:\/\/dgospel.com.br\/portal\/index.php\/wp-json\/wp\/v2\/posts\/882\/revisions\/884"}],"wp:featuredmedia":[{"embeddable":true,"href":"https:\/\/dgospel.com.br\/portal\/index.php\/wp-json\/wp\/v2\/media\/883"}],"wp:attachment":[{"href":"https:\/\/dgospel.com.br\/portal\/index.php\/wp-json\/wp\/v2\/media?parent=882"}],"wp:term":[{"taxonomy":"category","embeddable":true,"href":"https:\/\/dgospel.com.br\/portal\/index.php\/wp-json\/wp\/v2\/categories?post=882"},{"taxonomy":"post_tag","embeddable":true,"href":"https:\/\/dgospel.com.br\/portal\/index.php\/wp-json\/wp\/v2\/tags?post=882"}],"curies":[{"name":"wp","href":"https:\/\/api.w.org\/{rel}","templated":true}]}}