{"id":8823,"date":"2021-07-03T10:23:09","date_gmt":"2021-07-03T13:23:09","guid":{"rendered":"http:\/\/dgospel.com.br\/portal\/?p=8823"},"modified":"2021-07-03T10:23:11","modified_gmt":"2021-07-03T13:23:11","slug":"pastores-da-assembleia-de-deus-sao-recebidos-pelo-ministro-da-educacao-em-audiencia","status":"publish","type":"post","link":"https:\/\/dgospel.com.br\/portal\/index.php\/2021\/07\/03\/pastores-da-assembleia-de-deus-sao-recebidos-pelo-ministro-da-educacao-em-audiencia\/","title":{"rendered":"Pastores da Assembleia de Deus s\u00e3o recebidos pelo ministro da Educa\u00e7\u00e3o em audi\u00eancia"},"content":{"rendered":"\n<p>Pastores ligados \u00e0\nFaculdade das Assembleias de Deus (FAECAD) foram recebidos pelo ministro da\nEduca\u00e7\u00e3o, pastor Milton Ribeiro, em uma audi\u00eancia em Bras\u00edlia (DF) na \u00faltima\nquinta-feira, 01 de julho.<\/p>\n\n\n\n<p>Os pastores Isael\nde Ara\u00fajo, historiador e diretor da FAECAD, e&nbsp;<a href=\"https:\/\/noticias.gospelmais.com.br\/debate-aborto-poder-legislativo-stf-98724.html\"><strong>Douglas Baptista<\/strong><\/a>,\npresidente do Conselho de Educa\u00e7\u00e3o da Conven\u00e7\u00e3o Geral dos Ministros das Igrejas\nEvang\u00e9licas Assembleia de Deus no Brasil (CGADB) e vice-presidente da Rede\nAssembleiana de Ensino (RAE) tiveram uma audi\u00eancia com Ribeiro para tratar\nassuntos ligados \u00e0 FAECAD.<\/p>\n\n\n\n<p>Eles foram\nacompanhados do pastor Ronaldo Fonseca, presidente do Conselho Pol\u00edtico da\nCGADB, e do pastor Claiton Pommerening, diretor da Faculdade REFIDIM, de acordo\ncom informa\u00e7\u00f5es do portal da Casa Publicadora das Assembleias de Deus (<a href=\"https:\/\/cpadnews.com.br\/assembleia-de-deus\/54553\/ministro-da-educacao-recebe-faecad.html\" target=\"_blank\" rel=\"noreferrer noopener\"><em>CPAD<\/em><\/a>).<\/p>\n\n\n\n<p>Claiton Pommerening\n\u2013 que recentemente esteve no centro de uma pol\u00eamica por conta de uma li\u00e7\u00e3o\nescrita para o material de Escola B\u00edblica da CPAD \u2013 aproveitou a oportunidade\nde integrar a comitiva para tratar de assuntos relacionados \u00e0 Faculdade REFIDIM\ncom o ministro da Educa\u00e7\u00e3o.<\/p>\n\n\n\n<p>Durante a reuni\u00e3o,\no ministro Dr. Milton Ribeiro recebeu das m\u00e3os do diretor da FAECAD, pastor\nIsael de Ara\u00fajo, um exemplar de sua obra Dicion\u00e1rio do Movimento Pentecostal,\npublicada pela CPAD. Os detalhes dos assuntos tratados na audi\u00eancia n\u00e3o foram\ndivulgados \u00e0 imprensa.<\/p>\n","protected":false},"excerpt":{"rendered":"<p>Pastores ligados \u00e0 Faculdade das Assembleias de Deus (FAECAD) foram recebidos pelo ministro da Educa\u00e7\u00e3o, pastor Milton Ribeiro, em uma audi\u00eancia em Bras\u00edlia (DF) na \u00faltima quinta-feira, 01 de julho. Os pastores Isael de Ara\u00fajo, historiador e diretor da FAECAD, e&nbsp;Douglas Baptista, presidente do Conselho de Educa\u00e7\u00e3o da Conven\u00e7\u00e3o Geral dos Ministros das Igrejas Evang\u00e9licas [&hellip;]<\/p>\n","protected":false},"author":2,"featured_media":8824,"comment_status":"open","ping_status":"open","sticky":false,"template":"","format":"standard","meta":[],"categories":[5],"tags":[],"_links":{"self":[{"href":"https:\/\/dgospel.com.br\/portal\/index.php\/wp-json\/wp\/v2\/posts\/8823"}],"collection":[{"href":"https:\/\/dgospel.com.br\/portal\/index.php\/wp-json\/wp\/v2\/posts"}],"about":[{"href":"https:\/\/dgospel.com.br\/portal\/index.php\/wp-json\/wp\/v2\/types\/post"}],"author":[{"embeddable":true,"href":"https:\/\/dgospel.com.br\/portal\/index.php\/wp-json\/wp\/v2\/users\/2"}],"replies":[{"embeddable":true,"href":"https:\/\/dgospel.com.br\/portal\/index.php\/wp-json\/wp\/v2\/comments?post=8823"}],"version-history":[{"count":1,"href":"https:\/\/dgospel.com.br\/portal\/index.php\/wp-json\/wp\/v2\/posts\/8823\/revisions"}],"predecessor-version":[{"id":8825,"href":"https:\/\/dgospel.com.br\/portal\/index.php\/wp-json\/wp\/v2\/posts\/8823\/revisions\/8825"}],"wp:featuredmedia":[{"embeddable":true,"href":"https:\/\/dgospel.com.br\/portal\/index.php\/wp-json\/wp\/v2\/media\/8824"}],"wp:attachment":[{"href":"https:\/\/dgospel.com.br\/portal\/index.php\/wp-json\/wp\/v2\/media?parent=8823"}],"wp:term":[{"taxonomy":"category","embeddable":true,"href":"https:\/\/dgospel.com.br\/portal\/index.php\/wp-json\/wp\/v2\/categories?post=8823"},{"taxonomy":"post_tag","embeddable":true,"href":"https:\/\/dgospel.com.br\/portal\/index.php\/wp-json\/wp\/v2\/tags?post=8823"}],"curies":[{"name":"wp","href":"https:\/\/api.w.org\/{rel}","templated":true}]}}