{"id":8847,"date":"2021-07-08T07:31:54","date_gmt":"2021-07-08T10:31:54","guid":{"rendered":"http:\/\/dgospel.com.br\/portal\/?p=8847"},"modified":"2021-07-08T07:31:56","modified_gmt":"2021-07-08T10:31:56","slug":"ministro-da-defesa-e-comandantes-das-forcas-armadas-repudiam-declaracoes-de-aziz","status":"publish","type":"post","link":"https:\/\/dgospel.com.br\/portal\/index.php\/2021\/07\/08\/ministro-da-defesa-e-comandantes-das-forcas-armadas-repudiam-declaracoes-de-aziz\/","title":{"rendered":"Ministro da Defesa e comandantes das For\u00e7as Armadas repudiam declara\u00e7\u00f5es de Aziz"},"content":{"rendered":"\n<p>Nesta quarta-feira (7), o ministro da Defesa, Walter Braga Netto, e os comandantes Marinha do Brasil, do Ex\u00e9rcito Brasileiro e da For\u00e7a A\u00e9rea Brasileira emitiram uma nota oficial de rep\u00fadio ao presidente da CPI da Covid, Omar Aziz.<\/p>\n\n\n\n<p>No texto, eles destacam que Aziz desrespeitou as For\u00e7as Armadas, \u201cgeneralizando esquemas de corrup\u00e7\u00e3o\u201d.<\/p>\n\n\n\n<p>\u2013 Essa narrativa, afastada dos fatos, atinge as For\u00e7as Armadas de forma vil e leviana, tratando-se de uma acusa\u00e7\u00e3o grave, infundada e, sobretudo, irrespons\u00e1vel. (\u2026) As For\u00e7as Armadas n\u00e3o aceitar\u00e3o qualquer ataque leviano \u00e0s institui\u00e7\u00f5es que defendem a democracia e a liberdade do povo brasileiro.<\/p>\n\n\n\n<p>Leia, abaixo, a nota na \u00edntegra:<\/p>\n\n\n\n<p><em>O Ministro de Estado da Defesa e os Comandantes da Marinha do Brasil, do Ex\u00e9rcito Brasileiro e da For\u00e7a A\u00e9rea Brasileira repudiam veementemente as declara\u00e7\u00f5es do Presidente da Comiss\u00e3o Parlamentar de Inqu\u00e9rito, Senador Omar Aziz, no dia 07 de julho de 2021, desrespeitando as For\u00e7as Armadas e generalizando esquemas de corrup\u00e7\u00e3o.<\/em><\/p>\n\n\n\n<p><em>Essa narrativa, afastada dos fatos, atinge as For\u00e7as Armadas de forma vil e leviana, tratando-se de uma acusa\u00e7\u00e3o grave, infundada e, sobretudo, irrespons\u00e1vel.<\/em><\/p>\n\n\n\n<p><em>A Marinha do Brasil, o Ex\u00e9rcito Brasileiro e a For\u00e7a A\u00e9rea Brasileira s\u00e3o institui\u00e7\u00f5es pertencentes ao povo brasileiro e que gozam de elevada credibilidade junto \u00e0 nossa sociedade conquistada ao longo dos s\u00e9culos.<\/em><\/p>\n\n\n\n<p><em>Por fim, as For\u00e7as Armadas do Brasil, ciosas de se constitu\u00edrem fator essencial da estabilidade do Pa\u00eds, pautam-se pela fiel observ\u00e2ncia da Lei e, acima de tudo, pelo equil\u00edbrio, pondera\u00e7\u00e3o e comprometidas, desde o in\u00edcio da pandemia Covid-19, em preservar e salvar vidas.<\/em><\/p>\n\n\n\n<p><em>As For\u00e7as Armadas n\u00e3o aceitar\u00e3o qualquer ataque leviano \u00e0s Institui\u00e7\u00f5es que defendem a democracia e a liberdade do povo brasileiro.<\/em><\/p>\n\n\n\n<p><em>Walter Souza Braga Netto<\/em><br><em>Ministro de Estado da Defesa<\/em><\/p>\n\n\n\n<p><em>Alte Esq Almir Garnier Santos<\/em><br><em>Comandante da Marinha<\/em><\/p>\n\n\n\n<p><em>Gen Ex Paulo S\u00e9rgio Nogueira de Oliveira<\/em><br><em>Comandante do Ex\u00e9rcito<\/em><\/p>\n\n\n\n<p><em>Ten Brig Ar Carlos de Almeida Baptista Junior<\/em><br><em>Comandante da Aeron\u00e1utica<\/em><\/p>\n","protected":false},"excerpt":{"rendered":"<p>Nesta quarta-feira (7), o ministro da Defesa, Walter Braga Netto, e os comandantes Marinha do Brasil, do Ex\u00e9rcito Brasileiro e da For\u00e7a A\u00e9rea Brasileira emitiram uma nota oficial de rep\u00fadio ao presidente da CPI da Covid, Omar Aziz. No texto, eles destacam que Aziz desrespeitou as For\u00e7as Armadas, \u201cgeneralizando esquemas de corrup\u00e7\u00e3o\u201d. \u2013 Essa narrativa, [&hellip;]<\/p>\n","protected":false},"author":2,"featured_media":8848,"comment_status":"open","ping_status":"open","sticky":false,"template":"","format":"standard","meta":[],"categories":[4],"tags":[14],"_links":{"self":[{"href":"https:\/\/dgospel.com.br\/portal\/index.php\/wp-json\/wp\/v2\/posts\/8847"}],"collection":[{"href":"https:\/\/dgospel.com.br\/portal\/index.php\/wp-json\/wp\/v2\/posts"}],"about":[{"href":"https:\/\/dgospel.com.br\/portal\/index.php\/wp-json\/wp\/v2\/types\/post"}],"author":[{"embeddable":true,"href":"https:\/\/dgospel.com.br\/portal\/index.php\/wp-json\/wp\/v2\/users\/2"}],"replies":[{"embeddable":true,"href":"https:\/\/dgospel.com.br\/portal\/index.php\/wp-json\/wp\/v2\/comments?post=8847"}],"version-history":[{"count":1,"href":"https:\/\/dgospel.com.br\/portal\/index.php\/wp-json\/wp\/v2\/posts\/8847\/revisions"}],"predecessor-version":[{"id":8849,"href":"https:\/\/dgospel.com.br\/portal\/index.php\/wp-json\/wp\/v2\/posts\/8847\/revisions\/8849"}],"wp:featuredmedia":[{"embeddable":true,"href":"https:\/\/dgospel.com.br\/portal\/index.php\/wp-json\/wp\/v2\/media\/8848"}],"wp:attachment":[{"href":"https:\/\/dgospel.com.br\/portal\/index.php\/wp-json\/wp\/v2\/media?parent=8847"}],"wp:term":[{"taxonomy":"category","embeddable":true,"href":"https:\/\/dgospel.com.br\/portal\/index.php\/wp-json\/wp\/v2\/categories?post=8847"},{"taxonomy":"post_tag","embeddable":true,"href":"https:\/\/dgospel.com.br\/portal\/index.php\/wp-json\/wp\/v2\/tags?post=8847"}],"curies":[{"name":"wp","href":"https:\/\/api.w.org\/{rel}","templated":true}]}}