{"id":885,"date":"2018-08-01T17:34:58","date_gmt":"2018-08-01T20:34:58","guid":{"rendered":"http:\/\/dgospel.com.br\/portal\/?p=885"},"modified":"2018-08-01T17:34:58","modified_gmt":"2018-08-01T20:34:58","slug":"corpo-do-pastor-antonio-gilberto-e-sepultado-no-rio","status":"publish","type":"post","link":"https:\/\/dgospel.com.br\/portal\/index.php\/2018\/08\/01\/corpo-do-pastor-antonio-gilberto-e-sepultado-no-rio\/","title":{"rendered":"Corpo do pastor Antonio Gilberto \u00e9 sepultado no Rio"},"content":{"rendered":"<p>O corpo do pastor Antonio Gilberto, consultor teol\u00f3gico e doutrin\u00e1rio da CPAD, foi sepultado na tarde desta ter\u00e7a-feira (31), no Cemit\u00e9rio Memorial do Rio, em Cordovil.<\/p>\n<p>O vel\u00f3rio e o culto memorial foram realizados na Assembleia de Deus Minist\u00e9rio de Cordovil. A dire\u00e7\u00e3o do culto esteve sob a responsabilidade do pastor Ismar, filho de Antonio Gilberto, e do pastor Alexandre Costa, l\u00edder da AD Minist\u00e9rio Jardim Alvorada em Nova Igua\u00e7u (RJ).<\/p>\n<p>Estiveram presentes na cerim\u00f4nia, l\u00edderes de todo o Brasil, entre eles, os pastores Jos\u00e9 Wellington Costa Junior, presidente da Conven\u00e7\u00e3o Geral das Assembleias de Deus no Brasil (CGADB); Jos\u00e9 Wellington Bezerra da Costa, presidente do Conselho Administrativo da CPAD; Kemuel Sotero, 1\u00ba vice-presidente do Conselho Administrativo da CPAD; Paulo Carvalho, l\u00edder da Ceader; Francisco Jos\u00e9, l\u00edder da AD Minist\u00e9rio de Cordovil; Francisco Marto, representando o pastor Martin Alves, l\u00edder da AD no Rio Grande do Norte; Silas Malafaia, l\u00edder da AD Vit\u00f3ria em Cristo; Terry Johnson, diretor da EETAD; Ronaldo Rodrigues de Souza, diretor-executivo da CPAD; al\u00e9m de v\u00e1rios membros da Mesa Diretora da CGADB e gerentes da Matriz da CPAD, bem como diversos funcion\u00e1rios da editora.<\/p>\n<p>Durante o culto memorial, foram entoados hinos da Harpa Crist\u00e3. A Uni\u00e3o Feminina da AD Minist\u00e9rio de Cordovil tamb\u00e9m entoou um hino de louvor a Deus.<\/p>\n<p>Emocionado, o pastor Gil Monteiro, tamb\u00e9m filho do pastor Antonio Gilberto, proferiu suas palavras em homenagem, dirigidas n\u00e3o apenas ao pastor, te\u00f3logo, professor, entre outros adjetivos, mas, principalmente, ao pai Gilberto.<\/p>\n<p>Pastor Antonio Gilberto faleceu nesta segunda-feira (30), aos 91 anos. Um dos maiores nomes da teologia pentecostal no Brasil, ele destacou-se como educador, jornalista, te\u00f3logo, autor de best-sellers e articulista, e como uma refer\u00eancia na \u00e1rea de Escola Dominical.<\/p>\n","protected":false},"excerpt":{"rendered":"<p>O corpo do pastor Antonio Gilberto, consultor teol\u00f3gico e doutrin\u00e1rio da CPAD, foi sepultado na tarde desta ter\u00e7a-feira (31), no Cemit\u00e9rio Memorial do Rio, em Cordovil. O vel\u00f3rio e o culto memorial foram realizados na Assembleia de Deus Minist\u00e9rio de Cordovil. A dire\u00e7\u00e3o do culto esteve sob a responsabilidade do pastor Ismar, filho de Antonio [&hellip;]<\/p>\n","protected":false},"author":2,"featured_media":886,"comment_status":"open","ping_status":"open","sticky":false,"template":"","format":"standard","meta":[],"categories":[2,5],"tags":[],"_links":{"self":[{"href":"https:\/\/dgospel.com.br\/portal\/index.php\/wp-json\/wp\/v2\/posts\/885"}],"collection":[{"href":"https:\/\/dgospel.com.br\/portal\/index.php\/wp-json\/wp\/v2\/posts"}],"about":[{"href":"https:\/\/dgospel.com.br\/portal\/index.php\/wp-json\/wp\/v2\/types\/post"}],"author":[{"embeddable":true,"href":"https:\/\/dgospel.com.br\/portal\/index.php\/wp-json\/wp\/v2\/users\/2"}],"replies":[{"embeddable":true,"href":"https:\/\/dgospel.com.br\/portal\/index.php\/wp-json\/wp\/v2\/comments?post=885"}],"version-history":[{"count":1,"href":"https:\/\/dgospel.com.br\/portal\/index.php\/wp-json\/wp\/v2\/posts\/885\/revisions"}],"predecessor-version":[{"id":887,"href":"https:\/\/dgospel.com.br\/portal\/index.php\/wp-json\/wp\/v2\/posts\/885\/revisions\/887"}],"wp:featuredmedia":[{"embeddable":true,"href":"https:\/\/dgospel.com.br\/portal\/index.php\/wp-json\/wp\/v2\/media\/886"}],"wp:attachment":[{"href":"https:\/\/dgospel.com.br\/portal\/index.php\/wp-json\/wp\/v2\/media?parent=885"}],"wp:term":[{"taxonomy":"category","embeddable":true,"href":"https:\/\/dgospel.com.br\/portal\/index.php\/wp-json\/wp\/v2\/categories?post=885"},{"taxonomy":"post_tag","embeddable":true,"href":"https:\/\/dgospel.com.br\/portal\/index.php\/wp-json\/wp\/v2\/tags?post=885"}],"curies":[{"name":"wp","href":"https:\/\/api.w.org\/{rel}","templated":true}]}}