{"id":8850,"date":"2021-07-09T13:50:51","date_gmt":"2021-07-09T16:50:51","guid":{"rendered":"http:\/\/dgospel.com.br\/portal\/?p=8850"},"modified":"2021-07-09T13:50:53","modified_gmt":"2021-07-09T16:50:53","slug":"vereador-rubens-uchoa-lamenta-o-falecimento-do-pastor-joao-da-cruz-gomes-feitosa","status":"publish","type":"post","link":"https:\/\/dgospel.com.br\/portal\/index.php\/2021\/07\/09\/vereador-rubens-uchoa-lamenta-o-falecimento-do-pastor-joao-da-cruz-gomes-feitosa\/","title":{"rendered":"Vereador Rubens Uch\u00f4a lamenta o falecimento do pastor Jo\u00e3o da Cruz Gomes Feitosa"},"content":{"rendered":"\n<p>O vereador e vice-presidente da C\u00e2mara\nMunicipal de Palmas-TO, Rubens Uch\u00f4a, emitiu nota de pesar pelo falecimento\ndo pastor Jo\u00e3o da Cruz Gomes Feitosa, ocorrido nesta sexta-feira, 09, em\ndecorr\u00eancia de complica\u00e7\u00f5es causadas pela Covid-19.&nbsp;Uchoa disse que foi com&nbsp;muito\npesar, que recebeu a not\u00edcia de que o Tocantins perdeu mais um grande l\u00edder <\/p>\n\n\n\n<p>O pastor Jo\u00e3o da Cruz Gomes Feitosa, era Presidente\ndas Assembleias de Deus Minist\u00e9rio de Madureira em Gurupi-TO, vice-presidente\nda CONEMAD-TO, membro da diretoria jur\u00eddica da CONEMAD-TO, presidente da junta\nconciliadora da CONEMAD-TO, e membro do Conselho Fiscal da Mesa diretora da CONEMAD-TO,\num grande homem de Deus evangelizador mission\u00e1rio dedicado a obra de Deus e que\nn\u00e3o podia medir esfor\u00e7o em atender a igreja do Senhor<\/p>\n\n\n\n<p>O pastor Jo\u00e3o da Cruz Gomes Feitosa deixou a esposa Maria\nRosa de Sousa Gomes, suas filhas L\u00eddia de Sousa Gomes, \u00c2ngela M\u00e1rcia de Sousa\nGomes, V\u00e2nia de Sousa Gomes e D\u00e9bora de Sousa Gomes<\/p>\n\n\n\n<p><strong><em>Confira a Nota de Pesar<\/em><\/strong><\/p>\n\n\n\n<p><em>Com&nbsp;muito pesar, recebi a not\u00edcia de\nque o Tocantins perdeu mais um grande l\u00edder. Nesta sexta-feira, 09, o pastor e\nadvogado Jo\u00e3o da Cruz Gomes Feitosa faleceu em decorr\u00eancia de complica\u00e7\u00f5es\ncausadas pela Covid-19.<\/em><\/p>\n\n\n\n<p><em>Presidente das Assembleias de Deus\nMinist\u00e9rio de Madureira em Gurupi-TO, vice-presidente da CONEMAD-TO, Pastor\nJo\u00e3o da Cruz Gomes Feitosa, era um grande homem de Deus, l\u00edder dedicado a obra\nde Deus e que n\u00e3o media esfor\u00e7o em atender a igreja do Senhor, muito conhecido,\nrespeitado e tinha grande prest\u00edgio em sua cidade e no Tocantins.<\/em><\/p>\n\n\n\n<p><em>Clamo ao nosso amado Deus que, nesse\nmomento de dor e despedida, aben\u00e7oe com o consolo santo aos familiares, amigos\ne a igreja em Gurupi<\/em><\/p>\n\n\n\n<p><em>Rubens\nUch\u00f4a<\/em><\/p>\n\n\n\n<p><em>Vereador\n<\/em><\/p>\n","protected":false},"excerpt":{"rendered":"<p>O vereador e vice-presidente da C\u00e2mara Municipal de Palmas-TO, Rubens Uch\u00f4a, emitiu nota de pesar pelo falecimento do pastor Jo\u00e3o da Cruz Gomes Feitosa, ocorrido nesta sexta-feira, 09, em decorr\u00eancia de complica\u00e7\u00f5es causadas pela Covid-19.&nbsp;Uchoa disse que foi com&nbsp;muito pesar, que recebeu a not\u00edcia de que o Tocantins perdeu mais um grande l\u00edder O pastor [&hellip;]<\/p>\n","protected":false},"author":2,"featured_media":8851,"comment_status":"open","ping_status":"open","sticky":false,"template":"","format":"standard","meta":[],"categories":[8,5],"tags":[],"_links":{"self":[{"href":"https:\/\/dgospel.com.br\/portal\/index.php\/wp-json\/wp\/v2\/posts\/8850"}],"collection":[{"href":"https:\/\/dgospel.com.br\/portal\/index.php\/wp-json\/wp\/v2\/posts"}],"about":[{"href":"https:\/\/dgospel.com.br\/portal\/index.php\/wp-json\/wp\/v2\/types\/post"}],"author":[{"embeddable":true,"href":"https:\/\/dgospel.com.br\/portal\/index.php\/wp-json\/wp\/v2\/users\/2"}],"replies":[{"embeddable":true,"href":"https:\/\/dgospel.com.br\/portal\/index.php\/wp-json\/wp\/v2\/comments?post=8850"}],"version-history":[{"count":1,"href":"https:\/\/dgospel.com.br\/portal\/index.php\/wp-json\/wp\/v2\/posts\/8850\/revisions"}],"predecessor-version":[{"id":8852,"href":"https:\/\/dgospel.com.br\/portal\/index.php\/wp-json\/wp\/v2\/posts\/8850\/revisions\/8852"}],"wp:featuredmedia":[{"embeddable":true,"href":"https:\/\/dgospel.com.br\/portal\/index.php\/wp-json\/wp\/v2\/media\/8851"}],"wp:attachment":[{"href":"https:\/\/dgospel.com.br\/portal\/index.php\/wp-json\/wp\/v2\/media?parent=8850"}],"wp:term":[{"taxonomy":"category","embeddable":true,"href":"https:\/\/dgospel.com.br\/portal\/index.php\/wp-json\/wp\/v2\/categories?post=8850"},{"taxonomy":"post_tag","embeddable":true,"href":"https:\/\/dgospel.com.br\/portal\/index.php\/wp-json\/wp\/v2\/tags?post=8850"}],"curies":[{"name":"wp","href":"https:\/\/api.w.org\/{rel}","templated":true}]}}