{"id":8857,"date":"2021-07-13T12:36:21","date_gmt":"2021-07-13T15:36:21","guid":{"rendered":"http:\/\/dgospel.com.br\/portal\/?p=8857"},"modified":"2021-07-13T12:36:23","modified_gmt":"2021-07-13T15:36:23","slug":"apos-indicacao-mendonca-diz-que-esta-a-disposicao-do-senado","status":"publish","type":"post","link":"https:\/\/dgospel.com.br\/portal\/index.php\/2021\/07\/13\/apos-indicacao-mendonca-diz-que-esta-a-disposicao-do-senado\/","title":{"rendered":"Ap\u00f3s indica\u00e7\u00e3o, Mendon\u00e7a diz que est\u00e1 \u2018\u00e0 disposi\u00e7\u00e3o\u2019 do Senado"},"content":{"rendered":"\n<p> Ap\u00f3s ter sua indica\u00e7\u00e3o ao Supremo Tribunal Federal (<a href=\"http:\/\/pleno.news\/tag\/stf\">STF<\/a>) formalizada pelo presidente Jair Bolsonaro, o ministro da Advocacia-Geral da Uni\u00e3o (AGU),\u00a0<a href=\"http:\/\/pleno.news\/tag\/andre-mendonca\">Andr\u00e9 Mendon\u00e7a<\/a>, fez uma s\u00e9rie de agradecimentos em uma nota publicada em suas redes sociais na manh\u00e3 desta ter\u00e7a-feira (13). <\/p>\n\n\n\n<p> Mendon\u00e7a agradeceu ao apoio de \u201cl\u00edderes evang\u00e9licos\u201d, que foram essenciais \u00e0 sua indica\u00e7\u00e3o, e afirmou estar \u201c\u00e0 disposi\u00e7\u00e3o do Senado\u201d. O ministro da AGU tamb\u00e9m declarou ter compromisso com \u201ccom a Constitui\u00e7\u00e3o e o Estado Democr\u00e1tico de Direito\u201d. <\/p>\n\n\n\n<p>\u2013 Coloco-me \u00e0 disposi\u00e7\u00e3o do Senado Federal. De forma respeitosa, buscarei contato com todos os membros, que t\u00eam a elevada miss\u00e3o de avaliar meu nome \u2013 disse o ministro.<\/p>\n\n\n\n<p>Mendon\u00e7a iniciou o texto agradecendo a Deus \u201cpela vida e por essa possibilidade de servir meu pa\u00eds\u201d, ao presidente Jair Bolsonaro \u201cpela confian\u00e7a\u201d e \u201caos l\u00edderes evang\u00e9licos, parlamentares, amigos e todos\u201d que o apoiaram. O ministro encerrou a nota pedindo que \u201cDeus aben\u00e7oe nosso pa\u00eds\u201d.<\/p>\n\n\n\n<p>Desde o primeiro ano de governo, o presidente Jair Bolsonaro j\u00e1 havia prometido indicar um ministro evang\u00e9lico ao STF, ao dizer que seu indicado como ministro seria algu\u00e9m \u201cterrivelmente evang\u00e9lico\u201d. No ano passado, o presidente afirmou que, al\u00e9m de evang\u00e9lico, o indicado seria um pastor \u2014 Mendon\u00e7a \u00e9 pastor da Igreja Presbiteriana.<\/p>\n","protected":false},"excerpt":{"rendered":"<p>Ap\u00f3s ter sua indica\u00e7\u00e3o ao Supremo Tribunal Federal (STF) formalizada pelo presidente Jair Bolsonaro, o ministro da Advocacia-Geral da Uni\u00e3o (AGU),\u00a0Andr\u00e9 Mendon\u00e7a, fez uma s\u00e9rie de agradecimentos em uma nota publicada em suas redes sociais na manh\u00e3 desta ter\u00e7a-feira (13). Mendon\u00e7a agradeceu ao apoio de \u201cl\u00edderes evang\u00e9licos\u201d, que foram essenciais \u00e0 sua indica\u00e7\u00e3o, e afirmou [&hellip;]<\/p>\n","protected":false},"author":2,"featured_media":8858,"comment_status":"open","ping_status":"open","sticky":false,"template":"","format":"standard","meta":[],"categories":[4],"tags":[14],"_links":{"self":[{"href":"https:\/\/dgospel.com.br\/portal\/index.php\/wp-json\/wp\/v2\/posts\/8857"}],"collection":[{"href":"https:\/\/dgospel.com.br\/portal\/index.php\/wp-json\/wp\/v2\/posts"}],"about":[{"href":"https:\/\/dgospel.com.br\/portal\/index.php\/wp-json\/wp\/v2\/types\/post"}],"author":[{"embeddable":true,"href":"https:\/\/dgospel.com.br\/portal\/index.php\/wp-json\/wp\/v2\/users\/2"}],"replies":[{"embeddable":true,"href":"https:\/\/dgospel.com.br\/portal\/index.php\/wp-json\/wp\/v2\/comments?post=8857"}],"version-history":[{"count":1,"href":"https:\/\/dgospel.com.br\/portal\/index.php\/wp-json\/wp\/v2\/posts\/8857\/revisions"}],"predecessor-version":[{"id":8859,"href":"https:\/\/dgospel.com.br\/portal\/index.php\/wp-json\/wp\/v2\/posts\/8857\/revisions\/8859"}],"wp:featuredmedia":[{"embeddable":true,"href":"https:\/\/dgospel.com.br\/portal\/index.php\/wp-json\/wp\/v2\/media\/8858"}],"wp:attachment":[{"href":"https:\/\/dgospel.com.br\/portal\/index.php\/wp-json\/wp\/v2\/media?parent=8857"}],"wp:term":[{"taxonomy":"category","embeddable":true,"href":"https:\/\/dgospel.com.br\/portal\/index.php\/wp-json\/wp\/v2\/categories?post=8857"},{"taxonomy":"post_tag","embeddable":true,"href":"https:\/\/dgospel.com.br\/portal\/index.php\/wp-json\/wp\/v2\/tags?post=8857"}],"curies":[{"name":"wp","href":"https:\/\/api.w.org\/{rel}","templated":true}]}}