{"id":8869,"date":"2021-07-14T09:45:00","date_gmt":"2021-07-14T12:45:00","guid":{"rendered":"http:\/\/dgospel.com.br\/portal\/?p=8869"},"modified":"2021-07-14T09:45:02","modified_gmt":"2021-07-14T12:45:02","slug":"no-df-bolsonaro-da-entrada-em-hospital-das-forcas-armadas","status":"publish","type":"post","link":"https:\/\/dgospel.com.br\/portal\/index.php\/2021\/07\/14\/no-df-bolsonaro-da-entrada-em-hospital-das-forcas-armadas\/","title":{"rendered":"No DF, Bolsonaro d\u00e1 entrada em hospital das For\u00e7as Armadas"},"content":{"rendered":"\n<p>O presidente Jair Bolsonaro foi levado, na madrugada desta quarta-feira (14), ao Hospital das For\u00e7as Armadas (HFA), em Bras\u00edlia, onde foi internado para realiza\u00e7\u00e3o de exames. De acordo com informa\u00e7\u00f5es obtidas com fontes do Planalto pelo portal R7, o presidente passou mal e foi levado ao centro m\u00e9dico, mas n\u00e3o h\u00e1 informa\u00e7\u00f5es oficial dos motivos que o levaram \u00e0 unidade.<\/p>\n\n\n\n<p>Ainda de acordo com o site, pessoas pr\u00f3ximas ao presidente informaram que ele \u201cest\u00e1 bem\u201d. Nos \u00faltimos dias, o presidente tem convivido com um solu\u00e7o persistente. Em 9 de julho, ele falou do problema a apoiadores em frente ao Pal\u00e1cio do Alvorada e disse que estava h\u00e1 sete dias com o quadro.<\/p>\n\n\n\n<p>Em meados de abril, Bolsonaro revelou que teria de passar por nova cirurgia para corrigir uma h\u00e9rnia. Essa seria a s\u00e9tima opera\u00e7\u00e3o do chefe do Executivo federal ap\u00f3s a facada que sofreu em setembro de 2018, durante a campanha eleitoral. A confirma\u00e7\u00e3o da realiza\u00e7\u00e3o do novo procedimento tamb\u00e9m ocorreu durante conversa com apoiadores, na entrada do Alvorada.<\/p>\n\n\n\n<p>\u2013 Talvez, neste ano, mais umazinha a\u00ed. Mas \u00e9 tranquilo, h\u00e9rnia. Eu tenho uma tela aqui na frente, est\u00e1 saindo o \u201cbucho\u201d pelo lado. Ent\u00e3o, tenho que botar uma tela do lado tamb\u00e9m \u2013 disse ele, na ocasi\u00e3o.<\/p>\n\n\n\n<p>Ap\u00f3s a facada, Bolsonaro passou por uma cirurgia em Juiz de Fora (MG), onde estava fazendo campanha na elei\u00e7\u00e3o para a Presid\u00eancia. Quarenta e oito horas depois, ele teve de ser submetido a uma opera\u00e7\u00e3o para reconstru\u00e7\u00e3o do tr\u00e2nsito intestinal. H\u00e1 dois anos o presidente tamb\u00e9m retirou uma h\u00e9rnia que se formou na cicatriz da cirurgia, e em setembro removeu um c\u00e1lculo na bexiga.<\/p>\n","protected":false},"excerpt":{"rendered":"<p>O presidente Jair Bolsonaro foi levado, na madrugada desta quarta-feira (14), ao Hospital das For\u00e7as Armadas (HFA), em Bras\u00edlia, onde foi internado para realiza\u00e7\u00e3o de exames. De acordo com informa\u00e7\u00f5es obtidas com fontes do Planalto pelo portal R7, o presidente passou mal e foi levado ao centro m\u00e9dico, mas n\u00e3o h\u00e1 informa\u00e7\u00f5es oficial dos motivos [&hellip;]<\/p>\n","protected":false},"author":2,"featured_media":8870,"comment_status":"open","ping_status":"open","sticky":false,"template":"","format":"standard","meta":[],"categories":[4],"tags":[],"_links":{"self":[{"href":"https:\/\/dgospel.com.br\/portal\/index.php\/wp-json\/wp\/v2\/posts\/8869"}],"collection":[{"href":"https:\/\/dgospel.com.br\/portal\/index.php\/wp-json\/wp\/v2\/posts"}],"about":[{"href":"https:\/\/dgospel.com.br\/portal\/index.php\/wp-json\/wp\/v2\/types\/post"}],"author":[{"embeddable":true,"href":"https:\/\/dgospel.com.br\/portal\/index.php\/wp-json\/wp\/v2\/users\/2"}],"replies":[{"embeddable":true,"href":"https:\/\/dgospel.com.br\/portal\/index.php\/wp-json\/wp\/v2\/comments?post=8869"}],"version-history":[{"count":1,"href":"https:\/\/dgospel.com.br\/portal\/index.php\/wp-json\/wp\/v2\/posts\/8869\/revisions"}],"predecessor-version":[{"id":8871,"href":"https:\/\/dgospel.com.br\/portal\/index.php\/wp-json\/wp\/v2\/posts\/8869\/revisions\/8871"}],"wp:featuredmedia":[{"embeddable":true,"href":"https:\/\/dgospel.com.br\/portal\/index.php\/wp-json\/wp\/v2\/media\/8870"}],"wp:attachment":[{"href":"https:\/\/dgospel.com.br\/portal\/index.php\/wp-json\/wp\/v2\/media?parent=8869"}],"wp:term":[{"taxonomy":"category","embeddable":true,"href":"https:\/\/dgospel.com.br\/portal\/index.php\/wp-json\/wp\/v2\/categories?post=8869"},{"taxonomy":"post_tag","embeddable":true,"href":"https:\/\/dgospel.com.br\/portal\/index.php\/wp-json\/wp\/v2\/tags?post=8869"}],"curies":[{"name":"wp","href":"https:\/\/api.w.org\/{rel}","templated":true}]}}