{"id":8875,"date":"2021-07-14T10:22:53","date_gmt":"2021-07-14T13:22:53","guid":{"rendered":"http:\/\/dgospel.com.br\/portal\/?p=8875"},"modified":"2021-07-14T10:22:55","modified_gmt":"2021-07-14T13:22:55","slug":"bolsonaro-indica-pastor-andre-mendonca-ao-supremo-tribunal-federal","status":"publish","type":"post","link":"https:\/\/dgospel.com.br\/portal\/index.php\/2021\/07\/14\/bolsonaro-indica-pastor-andre-mendonca-ao-supremo-tribunal-federal\/","title":{"rendered":"Bolsonaro indica pastor Andr\u00e9 Mendon\u00e7a ao Supremo Tribunal Federal"},"content":{"rendered":"\n<p>Pastor presbiteriano, Andr\u00e9 Mendon\u00e7a, deixou a AGU em abril de 2020 para ocupar o cargo de ministro da Justi\u00e7a e Seguran\u00e7a P\u00fablica,&nbsp;substituindo S\u00e9rgio Moro, ap\u00f3s seu pedido de exonera\u00e7\u00e3o.&nbsp;Em mar\u00e7o de 2021, ele retomou ao&nbsp;comando da AGU, ap\u00f3s uma&nbsp;<a href=\"https:\/\/agenciabrasil.ebc.com.br\/politica\/noticia\/2021-04\/bolsonaro-da-posse-seis-ministros\" target=\"_blank\" rel=\"noreferrer noopener\">reforma ministerial<\/a>.<\/p>\n\n\n\n<p>Andr\u00e9 Mendon\u00e7a j\u00e1 foi chamado pelo presidente Bolsonaro de \u201cterrivelmente evang\u00e9lico\u201d quando este se referia, em diversas ocasi\u00f5es, \u00e0 sua poss\u00edvel indica\u00e7\u00e3o para uma das duas vagas no Supremo Tribunal Federal. E nesta ter\u00e7a-feira (13), o presidente da Rep\u00fablica oficializou a indica\u00e7\u00e3o do advogado-geral da Uni\u00e3o para a vaga de ministro do STF, com publica\u00e7\u00e3o&nbsp;no&nbsp;<a href=\"https:\/\/www.in.gov.br\/en\/web\/dou\/-\/despachos-do-presidente-da-republica-331549047\" target=\"_blank\" rel=\"noreferrer noopener\">Di\u00e1rio Oficial da Uni\u00e3o<\/a>.<\/p>\n\n\n\n<p>A indica\u00e7\u00e3o segue agora para o Senado, e em caso de aprova\u00e7\u00e3o, Andr\u00e9 Mendon\u00e7a ocupar\u00e1 a vaga do ministro Marco Aur\u00e9lio Mello, que se aposentou de forma compuls\u00f3ria, nesta segunda-feira (12), ap\u00f3s completar 75 anos de idade.<\/p>\n\n\n\n<p>Em nota, Mendon\u00e7a agradeceu o presidente pela confian\u00e7a e se colocou \u00e0 disposi\u00e7\u00e3o do Senado. \u201cDe forma respeitosa, buscarei contato com todos os membros, que t\u00eam a elevada miss\u00e3o de avaliar meu nome. Por fim, ao povo brasileiro, reafirmo meu compromisso com a Constitui\u00e7\u00e3o e o Estado Democr\u00e1tico de Direito. Deus aben\u00e7oe nosso pa\u00eds!\u201d, diz a nota.<\/p>\n\n\n\n<p>Segundo a<em>&nbsp;Ag\u00eancia Brasil,&nbsp;<\/em>Bolsonaro visitou o presidente da Corte, ministro Luiz Fux, ap\u00f3s deixar o STF na noite desta segunda (12), e afirmou&nbsp;que Mendon\u00e7a j\u00e1 vem conversando com os parlamentares e \u201cexiste sim, uma grande possibilidade de ser aceito.\u201d<\/p>\n\n\n\n<p><strong>Perfil crist\u00e3o<\/strong><\/p>\n\n\n\n<p>Esta \u00e9 a segunda indica\u00e7\u00e3o que o presidente faz para um cargo no Supremo. Na primeira, em 2020, os senadores aprovaram o nome Kassio Nunes Marques, que era desembargador do Tribunal Regional Federal da 1\u00b0 Regi\u00e3o, para a vaga do ex-ministro Celso de Mello.<\/p>\n\n\n\n<p>Na ocasi\u00e3o, Bolsonaro disse que, para esta segunda vaga, indicaria um jurista de perfil crist\u00e3o. Ontem, ele afirmou que Mendon\u00e7a \u00e9 um \u201chomem equilibrado, religioso, respeitador, que tem os seus princ\u00edpios\u201d. \u201cEle \u00e9 sim extremamente evang\u00e9lico, ele \u00e9 pastor evang\u00e9lico. S\u00f3 fa\u00e7o um pedido para ele, que uma vez por semana ele comece a sess\u00e3o [do STF] com uma ora\u00e7\u00e3o. Independente do meu pedido, tenho certeza de que os demais 10 ministros, caso [o nome de Mendon\u00e7a] seja aprovado no Senado, n\u00e3o v\u00e3o se opor a isso, muito pelo contr\u00e1rio, v\u00e3o se sentir com a alma bem mais leve para fazer o seu julgamento\u201d, disse Bolsonaro.<\/p>\n\n\n\n<p>Questionado sobre o fato do Estado brasileiro ser laico (que n\u00e3o adota uma religi\u00e3o oficial e separa assuntos religiosos da administra\u00e7\u00e3o p\u00fablica), para o presidente isso significa apenas \u201cn\u00e3o impedir outras religi\u00f5es em prol de uma s\u00f3\u201d. \u201cO p\u00fablico evang\u00e9lico, que \u00e9 em torno de 40% [da popula\u00e7\u00e3o do pa\u00eds] merece uma pessoa aqui dentro [do STF]. E al\u00e9m de ser evang\u00e9lico e pastor, ele tem profundo conhecimento das quest\u00f5es jur\u00eddicas\u201d, afirmou Bolsonaro, destacando o curr\u00edculo de Mendon\u00e7a.<\/p>\n\n\n\n<p>Advogado da Uni\u00e3o desde 2000 e com p\u00f3s-gradua\u00e7\u00e3o em Governan\u00e7a Global, Andr\u00e9 Luiz de Almeida Mendon\u00e7a assumiu a Advocacia-Geral da Uni\u00e3o no in\u00edcio do mandato de Bolsonaro, em janeiro de 2019. Foi procurador seccional da Uni\u00e3o em Londrina e tamb\u00e9m coordenou a \u00e1rea disciplinar da Corregedoria da AGU.<\/p>\n","protected":false},"excerpt":{"rendered":"<p>Pastor presbiteriano, Andr\u00e9 Mendon\u00e7a, deixou a AGU em abril de 2020 para ocupar o cargo de ministro da Justi\u00e7a e Seguran\u00e7a P\u00fablica,&nbsp;substituindo S\u00e9rgio Moro, ap\u00f3s seu pedido de exonera\u00e7\u00e3o.&nbsp;Em mar\u00e7o de 2021, ele retomou ao&nbsp;comando da AGU, ap\u00f3s uma&nbsp;reforma ministerial. Andr\u00e9 Mendon\u00e7a j\u00e1 foi chamado pelo presidente Bolsonaro de \u201cterrivelmente evang\u00e9lico\u201d quando este se referia, [&hellip;]<\/p>\n","protected":false},"author":2,"featured_media":8876,"comment_status":"open","ping_status":"open","sticky":false,"template":"","format":"standard","meta":[],"categories":[4],"tags":[13,14],"_links":{"self":[{"href":"https:\/\/dgospel.com.br\/portal\/index.php\/wp-json\/wp\/v2\/posts\/8875"}],"collection":[{"href":"https:\/\/dgospel.com.br\/portal\/index.php\/wp-json\/wp\/v2\/posts"}],"about":[{"href":"https:\/\/dgospel.com.br\/portal\/index.php\/wp-json\/wp\/v2\/types\/post"}],"author":[{"embeddable":true,"href":"https:\/\/dgospel.com.br\/portal\/index.php\/wp-json\/wp\/v2\/users\/2"}],"replies":[{"embeddable":true,"href":"https:\/\/dgospel.com.br\/portal\/index.php\/wp-json\/wp\/v2\/comments?post=8875"}],"version-history":[{"count":1,"href":"https:\/\/dgospel.com.br\/portal\/index.php\/wp-json\/wp\/v2\/posts\/8875\/revisions"}],"predecessor-version":[{"id":8877,"href":"https:\/\/dgospel.com.br\/portal\/index.php\/wp-json\/wp\/v2\/posts\/8875\/revisions\/8877"}],"wp:featuredmedia":[{"embeddable":true,"href":"https:\/\/dgospel.com.br\/portal\/index.php\/wp-json\/wp\/v2\/media\/8876"}],"wp:attachment":[{"href":"https:\/\/dgospel.com.br\/portal\/index.php\/wp-json\/wp\/v2\/media?parent=8875"}],"wp:term":[{"taxonomy":"category","embeddable":true,"href":"https:\/\/dgospel.com.br\/portal\/index.php\/wp-json\/wp\/v2\/categories?post=8875"},{"taxonomy":"post_tag","embeddable":true,"href":"https:\/\/dgospel.com.br\/portal\/index.php\/wp-json\/wp\/v2\/tags?post=8875"}],"curies":[{"name":"wp","href":"https:\/\/api.w.org\/{rel}","templated":true}]}}