{"id":8889,"date":"2021-07-14T11:15:19","date_gmt":"2021-07-14T14:15:19","guid":{"rendered":"http:\/\/dgospel.com.br\/portal\/?p=8889"},"modified":"2021-07-14T11:15:21","modified_gmt":"2021-07-14T14:15:21","slug":"policia-militar-divulga-resultado-definitivo-da-prova-de-redacao-do-concurso-publico","status":"publish","type":"post","link":"https:\/\/dgospel.com.br\/portal\/index.php\/2021\/07\/14\/policia-militar-divulga-resultado-definitivo-da-prova-de-redacao-do-concurso-publico\/","title":{"rendered":"Pol\u00edcia Militar divulga resultado definitivo da prova de reda\u00e7\u00e3o do concurso p\u00fablico"},"content":{"rendered":"\n<p>A Pol\u00edcia Militar divulgou, na noite dessa ter\u00e7a-feira, 13, o resultado definitivo da prova de reda\u00e7\u00e3o do concurso para o ingresso no Curso de Forma\u00e7\u00e3o de Pra\u00e7as (CFP) da Pol\u00edcia Militar do Estado do Tocantins (PMTO) e tamb\u00e9m deu andamento \u00e0 segunda fase do certame, com a convoca\u00e7\u00e3o dos candidatos para a prova pr\u00e1tica instrumental e para o exame de capacidade f\u00edsica. A lista com o resultado e a convoca\u00e7\u00e3o pode ser conferida no Di\u00e1rio Oficial do Estado do Tocantins (DOE).<\/p>\n\n\n\n<p>De acordo com o cronograma do concurso, a prova pr\u00e1tica instrumental para os candidatos convocados do quadro de m\u00fasicos, ser\u00e1 realizada nos dias 19, 20 e 21 de julho, no Quartel do Comando Geral (QCG), a partir das 7h45 do dia 19, com previs\u00e3o de t\u00e9rmino \u00e0s 12 horas do dia 21. E o exame de capacidade f\u00edsica para os candidatos do quadro operacional e sa\u00fade ocorrer\u00e1 do dia 20 a 23 de agosto.<\/p>\n\n\n\n<p>Para os exames de capacidade f\u00edsica, ser\u00e3o convocados 1.620 candidatos do sexo masculino do quadro operacional, 180 candidatos do sexo feminino do quadro operacional e 150 para os candidatos do quadro de sa\u00fade e m\u00fasicos (masculino e feminino).<\/p>\n\n\n\n<p>O candidato dever\u00e1, obrigatoriamente, acessar o endere\u00e7o eletr\u00f4nico&nbsp;<a href=\"https:\/\/www.cebraspe.org.br\/concursos\/\">https:\/\/www.cebraspe.org.br\/concursos\/<\/a>&nbsp;, a partir do dia 17 de agosto de 2021, para verificar o seu local de realiza\u00e7\u00e3o do exame de capacidade f\u00edsica, por meio de consulta individual, devendo, para tanto, informar os dados solicitados.<\/p>\n\n\n\n<p>No dia do exame, o candidato deve estar trajando roupa apropriada para pr\u00e1tica de atividade f\u00edsica (camiseta, cal\u00e7\u00e3o ou bermuda, t\u00eanis e meias, sunga, mai\u00f4 em pe\u00e7a \u00fanica e touca para nata\u00e7\u00e3o), munido de documento de identidade original e de atestado m\u00e9dico (original ou c\u00f3pia autenticada em cart\u00f3rio), em que dever\u00e1 constar, expressamente, que o candidato est\u00e1 apto a realizar o exame de capacidade f\u00edsica.&nbsp;<\/p>\n\n\n\n<p>N\u00e3o haver\u00e1 segunda chamada para a realiza\u00e7\u00e3o do exame de capacidade f\u00edsica. O n\u00e3o comparecimento ao exame implicar\u00e1 na elimina\u00e7\u00e3o do candidato do concurso.<\/p>\n\n\n\n<p>Vale lembrar que para a classificat\u00f3ria ser\u00e3o adotados todos os protocolos necess\u00e1rios para o combate \u00e0 dissemina\u00e7\u00e3o do novo Coronav\u00edrus, causador da Covid-19, como o uso obrigat\u00f3rio de m\u00e1scara, \u00e1lcool em gel, medi\u00e7\u00e3o de temperatura e distanciamento entre os candidatos.<\/p>\n\n\n\n<p><strong>Concurso<\/strong><\/p>\n\n\n\n<p>O concurso p\u00fablico da Pol\u00edcia Militar do Tocantins (PMTO) oferece mil vagas para o cargo de soldado (pra\u00e7a), sendo 950 do quadro operacional, 25 do quadro de m\u00fasicos e outros 25 para o quadro da sa\u00fade, sendo 20 t\u00e9cnicos em enfermagem e cinco t\u00e9cnicos em sa\u00fade bucal.<\/p>\n\n\n\n<p>As provas foram realizadas no dia 6 de junho de 2021e em torno de 28 mil candidatos compareceram aos locais de provas para provimento das vagas. As pr\u00f3ximas etapas s\u00e3o a avalia\u00e7\u00e3o psicol\u00f3gica, avalia\u00e7\u00e3o m\u00e9dica e a investiga\u00e7\u00e3o social.<\/p>\n\n\n\n<p>As datas e os per\u00edodos estabelecidos no cronograma s\u00e3o pass\u00edveis de altera\u00e7\u00e3o, conforme necessidade e conveni\u00eancia da PMTO e da empresa organizadora do certame, o Centro Brasileiro de Pesquisa em Avalia\u00e7\u00e3o e Sele\u00e7\u00e3o e de Promo\u00e7\u00e3o de Eventos (Cebraspe). Caso haja altera\u00e7\u00e3o, ser\u00e1 previamente comunicada por meio de edital.<\/p>\n","protected":false},"excerpt":{"rendered":"<p>A Pol\u00edcia Militar divulgou, na noite dessa ter\u00e7a-feira, 13, o resultado definitivo da prova de reda\u00e7\u00e3o do concurso para o ingresso no Curso de Forma\u00e7\u00e3o de Pra\u00e7as (CFP) da Pol\u00edcia Militar do Estado do Tocantins (PMTO) e tamb\u00e9m deu andamento \u00e0 segunda fase do certame, com a convoca\u00e7\u00e3o dos candidatos para a prova pr\u00e1tica instrumental [&hellip;]<\/p>\n","protected":false},"author":2,"featured_media":8890,"comment_status":"open","ping_status":"open","sticky":false,"template":"","format":"standard","meta":[],"categories":[3],"tags":[13],"_links":{"self":[{"href":"https:\/\/dgospel.com.br\/portal\/index.php\/wp-json\/wp\/v2\/posts\/8889"}],"collection":[{"href":"https:\/\/dgospel.com.br\/portal\/index.php\/wp-json\/wp\/v2\/posts"}],"about":[{"href":"https:\/\/dgospel.com.br\/portal\/index.php\/wp-json\/wp\/v2\/types\/post"}],"author":[{"embeddable":true,"href":"https:\/\/dgospel.com.br\/portal\/index.php\/wp-json\/wp\/v2\/users\/2"}],"replies":[{"embeddable":true,"href":"https:\/\/dgospel.com.br\/portal\/index.php\/wp-json\/wp\/v2\/comments?post=8889"}],"version-history":[{"count":1,"href":"https:\/\/dgospel.com.br\/portal\/index.php\/wp-json\/wp\/v2\/posts\/8889\/revisions"}],"predecessor-version":[{"id":8891,"href":"https:\/\/dgospel.com.br\/portal\/index.php\/wp-json\/wp\/v2\/posts\/8889\/revisions\/8891"}],"wp:featuredmedia":[{"embeddable":true,"href":"https:\/\/dgospel.com.br\/portal\/index.php\/wp-json\/wp\/v2\/media\/8890"}],"wp:attachment":[{"href":"https:\/\/dgospel.com.br\/portal\/index.php\/wp-json\/wp\/v2\/media?parent=8889"}],"wp:term":[{"taxonomy":"category","embeddable":true,"href":"https:\/\/dgospel.com.br\/portal\/index.php\/wp-json\/wp\/v2\/categories?post=8889"},{"taxonomy":"post_tag","embeddable":true,"href":"https:\/\/dgospel.com.br\/portal\/index.php\/wp-json\/wp\/v2\/tags?post=8889"}],"curies":[{"name":"wp","href":"https:\/\/api.w.org\/{rel}","templated":true}]}}