{"id":8895,"date":"2021-07-14T11:21:16","date_gmt":"2021-07-14T14:21:16","guid":{"rendered":"http:\/\/dgospel.com.br\/portal\/?p=8895"},"modified":"2021-07-14T11:29:20","modified_gmt":"2021-07-14T14:29:20","slug":"acompanhado-do-ministro-do-turismo-carlesse-recebe-comenda-e-prestigia-comemoracoes-do-aniversario-de-porto-nacional","status":"publish","type":"post","link":"https:\/\/dgospel.com.br\/portal\/index.php\/2021\/07\/14\/acompanhado-do-ministro-do-turismo-carlesse-recebe-comenda-e-prestigia-comemoracoes-do-aniversario-de-porto-nacional\/","title":{"rendered":"Acompanhado do ministro do Turismo, Carlesse recebe comenda e prestigia comemora\u00e7\u00f5es do anivers\u00e1rio de Porto Nacional"},"content":{"rendered":"\n<p>Ao reafirmar o compromisso de uma gest\u00e3o municipalista e refor\u00e7ar a parceria entre governos federal, estadual e municipal, o governador do Estado do Tocantins, Mauro Carlesse, acompanhado do ministro do Turismo, Gilson Machado Neto, prestigiou, nesta ter\u00e7a-feira, 13, as comemora\u00e7\u00f5es de 160 anos de emancipa\u00e7\u00e3o pol\u00edtica e 283 anos de hist\u00f3ria da cidade de Porto Nacional. Na ocasi\u00e3o, ambos foram condecorados com a comenda Honra ao M\u00e9rito \u2013 Dr. Francisco Ayres da Silva.<\/p>\n\n\n\n<p>A programa\u00e7\u00e3o de anivers\u00e1rio da cidade iniciou com uma solenidade na Pra\u00e7a do Centen\u00e1rio, onde o governador Mauro Carlesse fez quest\u00e3o de parabenizar e agradecer pela contribui\u00e7\u00e3o da cidade de Porto Nacional para o desenvolvimento do Estado do Tocantins.&nbsp;<\/p>\n\n\n\n<p>\u201cParabenizo esta cidade, o povo portuense, este povo aguerrido que tanto fez e faz pelo nosso Estado. Nosso Governo tem trabalhado muito por este munic\u00edpio, assim como tem feito por todo o Tocantins. Fizemos a travessia de Porto Nacional at\u00e9 Brejinho de Nazar\u00e9, de Porto a Monte do Carmo, reforma do Hospital Regional, reforma do Hospital Tia Ded\u00e9, implanta\u00e7\u00e3o de UTIs [Unidades de Terapia Intensiva] e estamos trabalhando com muita garra na Ponte sobre o Rio Tocantins, com investimento de R$ 160 milh\u00f5es. Queremos e vamos fazer muito mais, como o programa de desenvolvimento&nbsp;<em>Tocando em Frente<\/em>, que vai trazer muitas oportunidades\u201d, refor\u00e7ou o Governador.<\/p>\n\n\n\n<p>O ministro do Turismo, Gilson Machado Neto, tamb\u00e9m parabenizou o munic\u00edpio e fez quest\u00e3o de enaltecer o potencial tur\u00edstico da cidade e do Estado. \u201cN\u00f3s precisamos nos unir pelo Tocantins. Temos o Estado mais maravilhoso do Brasil e sei disso porque moro aqui. Este \u00e9 um dos estados que t\u00eam a maior voca\u00e7\u00e3o de turismo de natureza da Am\u00e9rica Latina e por isso foi escolhido, nesta semana, para lan\u00e7ar uma campanha nacional. Do Estado, escolhemos o Cant\u00e3o, porque \u00e9 um lugar que merece ter a chance de ser mais um endere\u00e7o de natureza do mundo. Nenhum estado tem o potencial h\u00eddrico que o Tocantins tem, o potencial de terras e s\u00e3o poucos os gargalos que a gente vai ter que destravar e vamos destravar. N\u00f3s acreditamos no Tocantins e prova disso \u00e9 que estamos investindo&nbsp;mais de R$ 130 milh\u00f5es em v\u00e1rias obras\u201d, destacou o ministro.&nbsp;<\/p>\n\n\n\n<p>O prefeito de Porto Nacional, Ronivon Maciel, agradeceu pela presen\u00e7a do Governo Federal na programa\u00e7\u00e3o e especialmente do governador Mauro Carlesse. \u201c\u00c9 muito importante sua presen\u00e7a em uma cidade que o senhor tamb\u00e9m governa. Sua marca de governo municipalista, com certeza nos honra muito\u201d, afirmou.<\/p>\n\n\n\n<p>Portuense, o presidente da Assembleia Legislativa, deputado estadual Antonio Andrade, refor\u00e7ou a import\u00e2ncia do apoio da Gest\u00e3o Estadual para o desenvolvimento do munic\u00edpio. \u201cQuero dizer aqui que o Governador j\u00e1 deu o aval para que n\u00f3s possamos trazer a infraestrutura para o Parque Industrial de Porto Nacional, obra que vai possibilitar atra\u00e7\u00e3o de empresas e gera\u00e7\u00e3o de pelo menos 500 empregos diretos e mil indiretos. E em nome da popula\u00e7\u00e3o portuense, eu quero agradecer ao Governador pela maior obra do seu governo ser aqui em Porto, que \u00e9 a ponte sobre o Rio Tocantins. Um sonho da popula\u00e7\u00e3o tocantinense que est\u00e1 se concretizando\u201d, afirmou.&nbsp;<\/p>\n\n\n\n<p><strong>Visita \u00e0 Diocese e lan\u00e7amento de projeto<\/strong><\/p>\n\n\n\n<p>Ap\u00f3s a solenidade, a comitiva do Governo, composta ainda pelo vice-governador Wanderlei Barbosa, secret\u00e1rios e deputados, esteve visitando a Diocese de Porto Nacional, onde foram recebidos pelo bispo diocesano Dom Romualdo Matias Kujawski. Em frente \u00e0 igreja, a comitiva ainda prestigiou uma apresenta\u00e7\u00e3o cultural da cidade, a Bui\u00fana e os Bonecos Gigantes.<\/p>\n\n\n\n<p>Em continuidade \u00e0 agenda, a comitiva esteve no lan\u00e7amento do Projeto de Desenvolvimento Sustent\u00e1vel do Turismo de Porto Nacional, que ocorreu no Centro de Conven\u00e7\u00f5es Vicente de Paula Oliveira. Na oportunidade, o presidente da Ag\u00eancia do Desenvolvimento do Turismo, Cultura e Economia Criativa (Adetuc), Jairo Mariano, afirmou que Porto Nacional est\u00e1 mais que preparada para recepcionar o turismo cultural, a pesca esportiva e outras atividades que podem potencializar extraordinariamente a economia do munic\u00edpio. \u201cN\u00f3s j\u00e1 estamos fazendo parceria com o munic\u00edpio para que isto venha a ocorrer com a m\u00e1xima brevidade. Podemos ter a rota do turismo cultural do Tocantins, iniciando por Porto, passando por Natividade e indo at\u00e9 Arraias\u201d, informou.&nbsp;<\/p>\n\n\n\n<p><strong>Ponte do Rio Tocantins<\/strong><\/p>\n\n\n\n<p>Finalizando a agenda em Porto Nacional, o governador Carlesse levou o ministro do Turismo para ver de perto as obras de constru\u00e7\u00e3o da nova ponte sobre o rio Tocantins, na Rodovia TO-255.<\/p>\n\n\n\n<p>\u201cCome\u00e7amos com recurso pr\u00f3prio e, agora, o Banco BRB assumiu R$ 155 milh\u00f5es para fazer esta ponte que vai beneficiar o Estado todo. O que mais interessa para n\u00f3s, al\u00e9m da infraestrutura, \u00e9 o emprego. Uma obra dessas emprega mais de mil pessoas e precisamos alavancar a economia atrav\u00e9s por meio do emprego, dando dignidade \u00e0s pessoas\u201d, ressaltou o governador Carlesse.<\/p>\n\n\n\n<p>Corroborando a fala do Governador, o ministro Gilson Machado ratificou o apoio do Governo Federal a todas as obras que objetivam o desenvolvimento do Estado. \u201cO Governador j\u00e1 sabe que ele pode contar com o Minist\u00e9rio do Turismo para o que for necess\u00e1rio. O turista quer mais facilidade para transitar, chegar mais r\u00e1pido e mais perto. Esta conectividade entre os locais e a facilidade de acesso s\u00e3o de extrema import\u00e2ncia para que possamos otimizar o potencial que o Tocantins e o Brasil oferecem\u201d, destacou.&nbsp;<\/p>\n\n\n\n<p><strong>Origem de Porto Nacional<\/strong><\/p>\n\n\n\n<p>Conhecida como&nbsp;<em>Capital Cultural do Tocantins<\/em>, o munic\u00edpio j\u00e1 foi muito maior em territ\u00f3rio, incluindo a \u00e1rea hoje pertencente \u00e0 Palmas e a outros munic\u00edpios de seu entorno.<\/p>\n\n\n\n<p>Os historiadores acreditam que a navega\u00e7\u00e3o pelo Rio Tocantins deu origem \u00e0 vila que ligava dois centros de minera\u00e7\u00e3o. Seu primeiro morador foi o portugu\u00eas F\u00e9lix Cam\u00f4a, um barqueiro que, no final do s\u00e9culo XVIII, dedicava-se \u00e0 travessia de mineiros entre as minas de ouro de Bom Jesus do Pontal, populosa vila situada a 12 km \u00e0 margem esquerda do rio, para as minas do Arraial do Carmo, distante 42 km \u00e0 margem direita do Tocantins.<\/p>\n\n\n\n<p>Por volta de 1805, os \u00edndios Xerente se revoltaram com a explora\u00e7\u00e3o a que eram submetidos e resolveram atacar e dizimar o garimpo do Pontal. Os sobreviventes do massacre fugiram e fixaram resid\u00eancia em Porto Real. Os nomes atribu\u00eddos \u00e0 cidade est\u00e3o relacionados com a situa\u00e7\u00e3o pol\u00edtica vigente no pa\u00eds: Porto Real, quando era Brasil-reino; Porto Imperial, na \u00e9poca do Imp\u00e9rio; e, finalmente, Porto Nacional, ap\u00f3s a Proclama\u00e7\u00e3o da Rep\u00fablica.<\/p>\n\n\n\n<figure class=\"wp-block-image\"><img src=\"https:\/\/central.to.gov.br\/image\/251801?w=565&amp;h=349\" alt=\"\"\/><\/figure>\n\n\n\n<p>Ministro Gilson Machado destacou potencial tur\u00edstico do Estado e informou que o Governo Federal est\u00e1 investindo mais de R$ 130 milh\u00f5es no Tocantins &#8211; Esequias Ara\u00fajo \/Governo do Tocantins<\/p>\n\n\n\n<figure class=\"wp-block-image\"><img src=\"https:\/\/central.to.gov.br\/image\/251800?w=565&amp;h=349\" alt=\"\"\/><\/figure>\n\n\n\n<p>Comitiva visitou a Diocese da cidade e prestigiou apresenta\u00e7\u00e3o cultural dos Bonecos Gigantes &#8211; Esequias Ara\u00fajo \/Governo do Tocantins<\/p>\n\n\n\n<figure class=\"wp-block-image\"><img src=\"https:\/\/central.to.gov.br\/image\/251802?w=565&amp;h=349\" alt=\"\"\/><\/figure>\n\n\n\n<p>Governador e ministro do Turismo vistoriam as obras de constru\u00e7\u00e3o da ponte sobre o Rio Tocantins &#8211; Esequias Ara\u00fajo \/Governo do Tocantins<a href=\"javascript:\"><em>keyboard_arrow_up<\/em><\/a><br><\/p>\n","protected":false},"excerpt":{"rendered":"<p>Ao reafirmar o compromisso de uma gest\u00e3o municipalista e refor\u00e7ar a parceria entre governos federal, estadual e municipal, o governador do Estado do Tocantins, Mauro Carlesse, acompanhado do ministro do Turismo, Gilson Machado Neto, prestigiou, nesta ter\u00e7a-feira, 13, as comemora\u00e7\u00f5es de 160 anos de emancipa\u00e7\u00e3o pol\u00edtica e 283 anos de hist\u00f3ria da cidade de Porto [&hellip;]<\/p>\n","protected":false},"author":2,"featured_media":8896,"comment_status":"open","ping_status":"open","sticky":false,"template":"","format":"standard","meta":[],"categories":[4],"tags":[],"_links":{"self":[{"href":"https:\/\/dgospel.com.br\/portal\/index.php\/wp-json\/wp\/v2\/posts\/8895"}],"collection":[{"href":"https:\/\/dgospel.com.br\/portal\/index.php\/wp-json\/wp\/v2\/posts"}],"about":[{"href":"https:\/\/dgospel.com.br\/portal\/index.php\/wp-json\/wp\/v2\/types\/post"}],"author":[{"embeddable":true,"href":"https:\/\/dgospel.com.br\/portal\/index.php\/wp-json\/wp\/v2\/users\/2"}],"replies":[{"embeddable":true,"href":"https:\/\/dgospel.com.br\/portal\/index.php\/wp-json\/wp\/v2\/comments?post=8895"}],"version-history":[{"count":1,"href":"https:\/\/dgospel.com.br\/portal\/index.php\/wp-json\/wp\/v2\/posts\/8895\/revisions"}],"predecessor-version":[{"id":8897,"href":"https:\/\/dgospel.com.br\/portal\/index.php\/wp-json\/wp\/v2\/posts\/8895\/revisions\/8897"}],"wp:featuredmedia":[{"embeddable":true,"href":"https:\/\/dgospel.com.br\/portal\/index.php\/wp-json\/wp\/v2\/media\/8896"}],"wp:attachment":[{"href":"https:\/\/dgospel.com.br\/portal\/index.php\/wp-json\/wp\/v2\/media?parent=8895"}],"wp:term":[{"taxonomy":"category","embeddable":true,"href":"https:\/\/dgospel.com.br\/portal\/index.php\/wp-json\/wp\/v2\/categories?post=8895"},{"taxonomy":"post_tag","embeddable":true,"href":"https:\/\/dgospel.com.br\/portal\/index.php\/wp-json\/wp\/v2\/tags?post=8895"}],"curies":[{"name":"wp","href":"https:\/\/api.w.org\/{rel}","templated":true}]}}