{"id":8899,"date":"2021-07-15T08:12:48","date_gmt":"2021-07-15T11:12:48","guid":{"rendered":"http:\/\/dgospel.com.br\/portal\/?p=8899"},"modified":"2021-07-15T08:12:49","modified_gmt":"2021-07-15T11:12:49","slug":"mendonca-sobre-stf-a-biblia-no-supremo-e-a-constituicao","status":"publish","type":"post","link":"https:\/\/dgospel.com.br\/portal\/index.php\/2021\/07\/15\/mendonca-sobre-stf-a-biblia-no-supremo-e-a-constituicao\/","title":{"rendered":"Mendon\u00e7a sobre STF: \u201cA B\u00edblia no Supremo \u00e9 a Constitui\u00e7\u00e3o"},"content":{"rendered":"\n<p> Indicado ao Supremo Tribunal Federal (STF), o advogado-geral da Uni\u00e3o, Andr\u00e9 Mendon\u00e7a, que \u00e9 pastor de uma igreja presbiteriana, declarou que n\u00e3o ir\u00e1 misturar sua f\u00e9 com a atua\u00e7\u00e3o na Corte. <\/p>\n\n\n\n<p> \u2013 A B\u00edblia no Supremo \u00e9 a Constitui\u00e7\u00e3o. \u00c9 uma miss\u00e3o, quase um sacerd\u00f3cio, servir ao pa\u00eds no Supremo, tendo como base a Constitui\u00e7\u00e3o. Ser\u00e3o muitos desafios \u2013 disse Mendon\u00e7a \u00e0 colunista Carolina Br\u00edgido, do portal Uol. <\/p>\n\n\n\n<p>Ap\u00f3s a oficializa\u00e7\u00e3o de sua indica\u00e7\u00e3o no Di\u00e1rio Oficial da Uni\u00e3o, Mendon\u00e7a est\u00e1 fazendo uma \u201cmaratona\u201d entre os futuros colegas de STF e senadores. Antes de tomar posse da vaga deixada pelo ex-ministro Marco Aur\u00e9lio de Mello, Mendon\u00e7a ser\u00e1 sabatinado pela Comiss\u00e3o de Constitui\u00e7\u00e3o de Justi\u00e7a do Senado. Em seguida, seu nome passar\u00e1 por vota\u00e7\u00e3o&nbsp;<em>\u2014<\/em>&nbsp;primeiro, na CCJ; depois, no plen\u00e1rio.<\/p>\n\n\n\n<p>A expectativa \u00e9 de que a sabatina ocorra nos 10 primeiros dias de agosto.<\/p>\n\n\n\n<p>Apesar de bem quisto entre os pares de Corte, Mendon\u00e7a n\u00e3o ter\u00e1 vida f\u00e1cil no Senado. Isto porque o advogado-geral se encontrar\u00e1 com rivais declarados de Jair Bolsonaro, como Renan Calheiros, presidente da CPI da Covid-19.<\/p>\n\n\n\n<p>Mesmo com as dificuldades, at\u00e9 os opositores mais ferrenhos j\u00e1 admitem que Mendon\u00e7a ser\u00e1 aprovado.<\/p>\n","protected":false},"excerpt":{"rendered":"<p>Indicado ao Supremo Tribunal Federal (STF), o advogado-geral da Uni\u00e3o, Andr\u00e9 Mendon\u00e7a, que \u00e9 pastor de uma igreja presbiteriana, declarou que n\u00e3o ir\u00e1 misturar sua f\u00e9 com a atua\u00e7\u00e3o na Corte. \u2013 A B\u00edblia no Supremo \u00e9 a Constitui\u00e7\u00e3o. \u00c9 uma miss\u00e3o, quase um sacerd\u00f3cio, servir ao pa\u00eds no Supremo, tendo como base a Constitui\u00e7\u00e3o. [&hellip;]<\/p>\n","protected":false},"author":2,"featured_media":8900,"comment_status":"open","ping_status":"open","sticky":false,"template":"","format":"standard","meta":[],"categories":[5,4],"tags":[13],"_links":{"self":[{"href":"https:\/\/dgospel.com.br\/portal\/index.php\/wp-json\/wp\/v2\/posts\/8899"}],"collection":[{"href":"https:\/\/dgospel.com.br\/portal\/index.php\/wp-json\/wp\/v2\/posts"}],"about":[{"href":"https:\/\/dgospel.com.br\/portal\/index.php\/wp-json\/wp\/v2\/types\/post"}],"author":[{"embeddable":true,"href":"https:\/\/dgospel.com.br\/portal\/index.php\/wp-json\/wp\/v2\/users\/2"}],"replies":[{"embeddable":true,"href":"https:\/\/dgospel.com.br\/portal\/index.php\/wp-json\/wp\/v2\/comments?post=8899"}],"version-history":[{"count":1,"href":"https:\/\/dgospel.com.br\/portal\/index.php\/wp-json\/wp\/v2\/posts\/8899\/revisions"}],"predecessor-version":[{"id":8901,"href":"https:\/\/dgospel.com.br\/portal\/index.php\/wp-json\/wp\/v2\/posts\/8899\/revisions\/8901"}],"wp:featuredmedia":[{"embeddable":true,"href":"https:\/\/dgospel.com.br\/portal\/index.php\/wp-json\/wp\/v2\/media\/8900"}],"wp:attachment":[{"href":"https:\/\/dgospel.com.br\/portal\/index.php\/wp-json\/wp\/v2\/media?parent=8899"}],"wp:term":[{"taxonomy":"category","embeddable":true,"href":"https:\/\/dgospel.com.br\/portal\/index.php\/wp-json\/wp\/v2\/categories?post=8899"},{"taxonomy":"post_tag","embeddable":true,"href":"https:\/\/dgospel.com.br\/portal\/index.php\/wp-json\/wp\/v2\/tags?post=8899"}],"curies":[{"name":"wp","href":"https:\/\/api.w.org\/{rel}","templated":true}]}}