{"id":8908,"date":"2021-07-16T08:30:50","date_gmt":"2021-07-16T11:30:50","guid":{"rendered":"http:\/\/dgospel.com.br\/portal\/?p=8908"},"modified":"2021-07-16T08:30:52","modified_gmt":"2021-07-16T11:30:52","slug":"camara-aprova-ldo-com-salario-minimo-de-r-1-147-para-2022","status":"publish","type":"post","link":"https:\/\/dgospel.com.br\/portal\/index.php\/2021\/07\/16\/camara-aprova-ldo-com-salario-minimo-de-r-1-147-para-2022\/","title":{"rendered":"C\u00e2mara aprova LDO com sal\u00e1rio m\u00ednimo de R$ 1.147 para 2022"},"content":{"rendered":"\n<p> Os deputados aprovaram nesta quinta-feira (15) a reda\u00e7\u00e3o final da Lei de Diretrizes Or\u00e7ament\u00e1rias (LDO) de 2022. O relat\u00f3rio traz as regras para a constru\u00e7\u00e3o do Or\u00e7amento do pr\u00f3ximo ano e segue agora para aprecia\u00e7\u00e3o do Senado. Nenhum dos tr\u00eas destaques apresentados ao plen\u00e1rio foi aprovado. Foi mantido o valor do sal\u00e1rio m\u00ednimo de R$ 1.147, para o pr\u00f3ximo ano, e d\u00e9ficit de R$ 170 bilh\u00f5es nas contas p\u00fablicas. Atualmente, o valor do sal\u00e1rio m\u00ednimo \u00e9 de R$ 1.100. <\/p>\n\n\n\n<p> Uma das principais mudan\u00e7as do parecer do deputado Juscelino Filho (DEM-MA) diz respeito ao financiamento p\u00fablico de campanhas eleitorais. O parlamentar prop\u00f4s um novo c\u00e1lculo que pode elevar a verba a R$ 5,7 bilh\u00f5es, mais que o dobro dos R$2 bilh\u00f5es de 2020, \u00faltimo ano com elei\u00e7\u00f5es no pa\u00eds. <\/p>\n\n\n\n<p>O relator tamb\u00e9m garantiu as emendas de relator, a RP9, que n\u00e3o estavam previstas no projeto enviado pelo governo ao Congresso, em abril.<\/p>\n\n\n\n<p>O relator tamb\u00e9m incluiu como novidade uma resguarda de contingenciamento, um mecanismo para proteger \u00f3rg\u00e3os e programas como Embrapa e Censo Demogr\u00e1fico de bloqueios or\u00e7ament\u00e1rios.<\/p>\n\n\n\n<p>Tamb\u00e9m foram inclu\u00eddos nessa ressalva as despesas relacionadas \u00e0 Pol\u00edtica de Fomento \u00e0 Implementa\u00e7\u00e3o de Escolas de Ensino em Tempo Integral, com universaliza\u00e7\u00e3o do acesso \u00e0 internet e apoio a iniciativas e projetos de inclus\u00e3o digital.<\/p>\n\n\n\n<p>Caso a LDO seja aprovada pelo Senado, o Congresso pode entrar em recesso entre os dias 18 e 31 de julho, conforme estabelece a Constitui\u00e7\u00e3o.<br><\/p>\n","protected":false},"excerpt":{"rendered":"<p>Os deputados aprovaram nesta quinta-feira (15) a reda\u00e7\u00e3o final da Lei de Diretrizes Or\u00e7ament\u00e1rias (LDO) de 2022. O relat\u00f3rio traz as regras para a constru\u00e7\u00e3o do Or\u00e7amento do pr\u00f3ximo ano e segue agora para aprecia\u00e7\u00e3o do Senado. Nenhum dos tr\u00eas destaques apresentados ao plen\u00e1rio foi aprovado. Foi mantido o valor do sal\u00e1rio m\u00ednimo de R$ [&hellip;]<\/p>\n","protected":false},"author":2,"featured_media":8909,"comment_status":"open","ping_status":"open","sticky":false,"template":"","format":"standard","meta":[],"categories":[8],"tags":[],"_links":{"self":[{"href":"https:\/\/dgospel.com.br\/portal\/index.php\/wp-json\/wp\/v2\/posts\/8908"}],"collection":[{"href":"https:\/\/dgospel.com.br\/portal\/index.php\/wp-json\/wp\/v2\/posts"}],"about":[{"href":"https:\/\/dgospel.com.br\/portal\/index.php\/wp-json\/wp\/v2\/types\/post"}],"author":[{"embeddable":true,"href":"https:\/\/dgospel.com.br\/portal\/index.php\/wp-json\/wp\/v2\/users\/2"}],"replies":[{"embeddable":true,"href":"https:\/\/dgospel.com.br\/portal\/index.php\/wp-json\/wp\/v2\/comments?post=8908"}],"version-history":[{"count":1,"href":"https:\/\/dgospel.com.br\/portal\/index.php\/wp-json\/wp\/v2\/posts\/8908\/revisions"}],"predecessor-version":[{"id":8910,"href":"https:\/\/dgospel.com.br\/portal\/index.php\/wp-json\/wp\/v2\/posts\/8908\/revisions\/8910"}],"wp:featuredmedia":[{"embeddable":true,"href":"https:\/\/dgospel.com.br\/portal\/index.php\/wp-json\/wp\/v2\/media\/8909"}],"wp:attachment":[{"href":"https:\/\/dgospel.com.br\/portal\/index.php\/wp-json\/wp\/v2\/media?parent=8908"}],"wp:term":[{"taxonomy":"category","embeddable":true,"href":"https:\/\/dgospel.com.br\/portal\/index.php\/wp-json\/wp\/v2\/categories?post=8908"},{"taxonomy":"post_tag","embeddable":true,"href":"https:\/\/dgospel.com.br\/portal\/index.php\/wp-json\/wp\/v2\/tags?post=8908"}],"curies":[{"name":"wp","href":"https:\/\/api.w.org\/{rel}","templated":true}]}}