{"id":8916,"date":"2021-07-19T09:34:52","date_gmt":"2021-07-19T12:34:52","guid":{"rendered":"http:\/\/dgospel.com.br\/portal\/?p=8916"},"modified":"2021-07-19T09:34:53","modified_gmt":"2021-07-19T12:34:53","slug":"bolsonaro-culpa-governadores-por-alta-no-preco-do-combustivel","status":"publish","type":"post","link":"https:\/\/dgospel.com.br\/portal\/index.php\/2021\/07\/19\/bolsonaro-culpa-governadores-por-alta-no-preco-do-combustivel\/","title":{"rendered":"Bolsonaro culpa governadores por alta no pre\u00e7o do combust\u00edvel"},"content":{"rendered":"\n<p> O presidente\u00a0<a rel=\"noreferrer noopener\" href=\"https:\/\/pleno.news\/tag\/jair-bolsonaro\" target=\"_blank\">Jair Bolsonaro<\/a>\u00a0criticou neste domingo (18) os governadores pelo peso do ICMS, que \u00e9 um imposto estadual, sobre o pre\u00e7o dos combust\u00edveis, e os culpou pelos efeitos danosos na economia com o fechamento no \u00e2mbito das medidas restritivas decorrentes do avan\u00e7o da pandemia do novo\u00a0<a rel=\"noreferrer noopener\" href=\"https:\/\/pleno.news\/tag\/coronavirus\" target=\"_blank\">coronav\u00edrus<\/a>, inclusive de igrejas. <\/p>\n\n\n\n<figure class=\"wp-block-image\"><img src=\"https:\/\/static.cdn.pleno.news\/2021\/07\/whatsapp_image_2021-07-18_at_11.17.15_3.jpeg\" alt=\"presidente jair bolsonaro\" class=\"wp-image-764788\"\/><figcaption>Presidente Jair Bolsonaro recebeu alta m\u00e9dica neste domingo&nbsp;Foto: Annie Zanetti | TV Brasil<\/figcaption><\/figure>\n\n\n\n<p>Segundo o presidente, o pre\u00e7o da gasolina na bomba \u00e9 mais de duas vezes mais caro do que o cobrado na sa\u00edda das refinarias por conta da carga tribut\u00e1ria que incide sobre combust\u00edvel nos estados.<\/p>\n\n\n\n<p>\u2013 Cresceu a arrecada\u00e7\u00e3o de ICMS em cima de uma gan\u00e2ncia \u2013 disse Bolsonaro na sa\u00edda do Hospital Vila Nova Star, na zona sul de S\u00e3o Paulo, onde estava internado desde quarta-feira (14), para tratar uma obstru\u00e7\u00e3o intestinal.<\/p>\n\n\n\n<p>O presidente prometeu tamb\u00e9m reduzir a al\u00edquota da Pis Cofins cobrada sobre o diesel, \u201cem quatro centavos\u201d.<\/p>\n\n\n\n<p>\u2013 Diferente do Estado de S\u00e3o Paulo, que aumentou ICMS de combust\u00edveis durante a pandemia \u2013 acrescentou, aproveitando para alfinetar o governador&nbsp;<a href=\"https:\/\/pleno.news\/tag\/joao-doria\" target=\"_blank\" rel=\"noreferrer noopener\">Jo\u00e3o Doria<\/a>, que j\u00e1 havia mencionado ao contestar a efic\u00e1cia da vacina Coronavac, produzida pelo Instituto Butant\u00e3 em parceria com o laborat\u00f3rio chin\u00eas Sinovac.<\/p>\n\n\n\n<p>Bolsonaro voltou a culpar os governadores tamb\u00e9m pelo abalo sofrido na economia com o isolamento promovido nos estados e mencionou tamb\u00e9m o fechamento de igrejas como um sinal do exagero nas medidas tomadas por eles.<\/p>\n\n\n\n<p>O presidente enalteceu o papel do governo federal na distribui\u00e7\u00e3o do aux\u00edlio emergencial e elogiou o desempenho da Caixa Econ\u00f4mica Federal, que, segundo ele, \u201cest\u00e1 abrindo espa\u00e7o \u00e0 agricultura familiar\u201d.<\/p>\n\n\n\n<p>\u2013 Aux\u00edlio emergencial ano passado foi maior que dez anos de Bolsa Fam\u00edlia \u2013 declarou.<\/p>\n\n\n\n<p>*AE<\/p>\n\n\n\n<p><\/p>\n","protected":false},"excerpt":{"rendered":"<p>O presidente\u00a0Jair Bolsonaro\u00a0criticou neste domingo (18) os governadores pelo peso do ICMS, que \u00e9 um imposto estadual, sobre o pre\u00e7o dos combust\u00edveis, e os culpou pelos efeitos danosos na economia com o fechamento no \u00e2mbito das medidas restritivas decorrentes do avan\u00e7o da pandemia do novo\u00a0coronav\u00edrus, inclusive de igrejas. Segundo o presidente, o pre\u00e7o da gasolina [&hellip;]<\/p>\n","protected":false},"author":2,"featured_media":8917,"comment_status":"open","ping_status":"open","sticky":false,"template":"","format":"standard","meta":[],"categories":[4],"tags":[13,14],"_links":{"self":[{"href":"https:\/\/dgospel.com.br\/portal\/index.php\/wp-json\/wp\/v2\/posts\/8916"}],"collection":[{"href":"https:\/\/dgospel.com.br\/portal\/index.php\/wp-json\/wp\/v2\/posts"}],"about":[{"href":"https:\/\/dgospel.com.br\/portal\/index.php\/wp-json\/wp\/v2\/types\/post"}],"author":[{"embeddable":true,"href":"https:\/\/dgospel.com.br\/portal\/index.php\/wp-json\/wp\/v2\/users\/2"}],"replies":[{"embeddable":true,"href":"https:\/\/dgospel.com.br\/portal\/index.php\/wp-json\/wp\/v2\/comments?post=8916"}],"version-history":[{"count":1,"href":"https:\/\/dgospel.com.br\/portal\/index.php\/wp-json\/wp\/v2\/posts\/8916\/revisions"}],"predecessor-version":[{"id":8918,"href":"https:\/\/dgospel.com.br\/portal\/index.php\/wp-json\/wp\/v2\/posts\/8916\/revisions\/8918"}],"wp:featuredmedia":[{"embeddable":true,"href":"https:\/\/dgospel.com.br\/portal\/index.php\/wp-json\/wp\/v2\/media\/8917"}],"wp:attachment":[{"href":"https:\/\/dgospel.com.br\/portal\/index.php\/wp-json\/wp\/v2\/media?parent=8916"}],"wp:term":[{"taxonomy":"category","embeddable":true,"href":"https:\/\/dgospel.com.br\/portal\/index.php\/wp-json\/wp\/v2\/categories?post=8916"},{"taxonomy":"post_tag","embeddable":true,"href":"https:\/\/dgospel.com.br\/portal\/index.php\/wp-json\/wp\/v2\/tags?post=8916"}],"curies":[{"name":"wp","href":"https:\/\/api.w.org\/{rel}","templated":true}]}}