{"id":8919,"date":"2021-07-19T09:49:12","date_gmt":"2021-07-19T12:49:12","guid":{"rendered":"http:\/\/dgospel.com.br\/portal\/?p=8919"},"modified":"2021-07-19T09:49:14","modified_gmt":"2021-07-19T12:49:14","slug":"bolsonaro-critica-aumento-do-fundao-e-sinaliza-com-veto","status":"publish","type":"post","link":"https:\/\/dgospel.com.br\/portal\/index.php\/2021\/07\/19\/bolsonaro-critica-aumento-do-fundao-e-sinaliza-com-veto\/","title":{"rendered":"Bolsonaro critica aumento do \u201cFund\u00e3o\u201d e sinaliza com veto"},"content":{"rendered":"\n<p> O presidente\u00a0<a rel=\"noreferrer noopener\" href=\"https:\/\/pleno.news\/tag\/jair-bolsonaro\" target=\"_blank\">Jair Bolsonaro<\/a>\u00a0sinalizou, na manh\u00e3 deste domingo (18), que pode vetar o fundo eleitoral de cerca de R$ 6 bilh\u00f5es para as elei\u00e7\u00f5es 2022, aprovado na quinta-feira (15) pelo Congresso Nacional, no \u00e2mbito da Lei de Diretrizes Or\u00e7ament\u00e1rias (<a rel=\"noreferrer noopener\" href=\"https:\/\/pleno.news\/tag\/ldo\" target=\"_blank\">LDO<\/a>). <\/p>\n\n\n\n<p> \u2013 Eu sigo a minha consci\u00eancia, sigo a economia e a gente vai buscar um bom sinal para isso tudo a\u00ed. Afinal de contas, eu j\u00e1 antecipo, R$ 6 bi pra fundo eleitoral, para financiamento de campanhas, pelo amor de Deus \u2013 afirmou. <\/p>\n\n\n\n<p>Ao receber alta, Bolsonaro afirmou na sa\u00edda do Hospital Vila Nova Star, em S\u00e3o Paulo, onde ficou internado para tratar uma obstru\u00e7\u00e3o intestinal, que o vice-presidente da C\u00e2mara, Marcelo Ramos (PL-AM), atropelou a vota\u00e7\u00e3o da LDO.<\/p>\n\n\n\n<p>De acordo com o presidente, Ramos, que presidia a sess\u00e3o, \u201cpassou por cima\u201d e n\u00e3o p\u00f4s em vota\u00e7\u00e3o um destaque \u00e0 reda\u00e7\u00e3o da LDO que alteraria o texto para suprimir a previs\u00e3o de reajuste do fundo eleitoral.<\/p>\n\n\n\n<p>\u2013 Ent\u00e3o, num projeto enorme, algu\u00e9m botou l\u00e1 dentro essa casca de banana, essa jabuticaba. O Parlamento descobriu, foi tentando destacar para que a vota\u00e7\u00e3o fosse nominal. Essa quest\u00e3o, o presidente Marcelo Ramos, do Amazonas\u2026 Pelo amor de Deus o estado do amazonas ter um parlamentar como esse, pelo amor de Deus \u2013 disse.<\/p>\n\n\n\n<p>O presidente disse tamb\u00e9m que os parlamentares s\u00e3o acusados injustamente de ter votado a favor do \u201cfund\u00e3o\u201d. Para o presidente, com o valor de R$ 6 bilh\u00f5es, daria para recapear grande parte da malha rodovi\u00e1ria do pa\u00eds ou concluir as obras que levam \u00e1gua para o Nordeste.<\/p>\n\n\n\n<p>\u2013 R$ 6 bilh\u00f5es na m\u00e3o do Tarc\u00edsio (Infraestrutura), ele recapearia grande parte da malha rodovi\u00e1ria do Brasil, R$ 6 bilh\u00f5es na m\u00e3o do Rog\u00e9rio Marinho (Desenvolvimento Regional), ele concluiria a \u00e1gua para o Nordeste \u2013 completou.<\/p>\n\n\n\n<p>*AE<\/p>\n","protected":false},"excerpt":{"rendered":"<p>O presidente\u00a0Jair Bolsonaro\u00a0sinalizou, na manh\u00e3 deste domingo (18), que pode vetar o fundo eleitoral de cerca de R$ 6 bilh\u00f5es para as elei\u00e7\u00f5es 2022, aprovado na quinta-feira (15) pelo Congresso Nacional, no \u00e2mbito da Lei de Diretrizes Or\u00e7ament\u00e1rias (LDO). \u2013 Eu sigo a minha consci\u00eancia, sigo a economia e a gente vai buscar um bom [&hellip;]<\/p>\n","protected":false},"author":2,"featured_media":8920,"comment_status":"open","ping_status":"open","sticky":false,"template":"","format":"standard","meta":[],"categories":[4],"tags":[13,14],"_links":{"self":[{"href":"https:\/\/dgospel.com.br\/portal\/index.php\/wp-json\/wp\/v2\/posts\/8919"}],"collection":[{"href":"https:\/\/dgospel.com.br\/portal\/index.php\/wp-json\/wp\/v2\/posts"}],"about":[{"href":"https:\/\/dgospel.com.br\/portal\/index.php\/wp-json\/wp\/v2\/types\/post"}],"author":[{"embeddable":true,"href":"https:\/\/dgospel.com.br\/portal\/index.php\/wp-json\/wp\/v2\/users\/2"}],"replies":[{"embeddable":true,"href":"https:\/\/dgospel.com.br\/portal\/index.php\/wp-json\/wp\/v2\/comments?post=8919"}],"version-history":[{"count":1,"href":"https:\/\/dgospel.com.br\/portal\/index.php\/wp-json\/wp\/v2\/posts\/8919\/revisions"}],"predecessor-version":[{"id":8921,"href":"https:\/\/dgospel.com.br\/portal\/index.php\/wp-json\/wp\/v2\/posts\/8919\/revisions\/8921"}],"wp:featuredmedia":[{"embeddable":true,"href":"https:\/\/dgospel.com.br\/portal\/index.php\/wp-json\/wp\/v2\/media\/8920"}],"wp:attachment":[{"href":"https:\/\/dgospel.com.br\/portal\/index.php\/wp-json\/wp\/v2\/media?parent=8919"}],"wp:term":[{"taxonomy":"category","embeddable":true,"href":"https:\/\/dgospel.com.br\/portal\/index.php\/wp-json\/wp\/v2\/categories?post=8919"},{"taxonomy":"post_tag","embeddable":true,"href":"https:\/\/dgospel.com.br\/portal\/index.php\/wp-json\/wp\/v2\/tags?post=8919"}],"curies":[{"name":"wp","href":"https:\/\/api.w.org\/{rel}","templated":true}]}}