{"id":8925,"date":"2021-07-19T10:15:12","date_gmt":"2021-07-19T13:15:12","guid":{"rendered":"http:\/\/dgospel.com.br\/portal\/?p=8925"},"modified":"2021-07-19T10:15:14","modified_gmt":"2021-07-19T13:15:14","slug":"confira-o-clipe-de-clovis-e-claudia-leitte-no-single-aprendiz","status":"publish","type":"post","link":"https:\/\/dgospel.com.br\/portal\/index.php\/2021\/07\/19\/confira-o-clipe-de-clovis-e-claudia-leitte-no-single-aprendiz\/","title":{"rendered":"Confira o clipe de Clovis e Claudia Leitte no single \u201cAprendiz\u201d"},"content":{"rendered":"\n<p>O single \u201c<a href=\"https:\/\/guiame.com.br\/musica\/nacional\/clovis-anuncia-novo-album-e-feat-com-claudia-leitte.html\"><strong>Aprendiz<\/strong><\/a>\u201d, m\u00fasica autoral do cantor e compositor Clovis, foi lan\u00e7ado nesta ter\u00e7a-feira (13) pela Som Livre, contando com a participa\u00e7\u00e3o de um dos maiores nomes da m\u00fasica pop brasileira, a cantora e compositora Claudia Leitte.<\/p>\n\n\n\n<p>A can\u00e7\u00e3o foi gravada no est\u00fadio KZA, do cantor Kauan, da dupla com Matheus. \u201cAprendiz\u201d faz parte do repert\u00f3rio de can\u00e7\u00f5es do \u00e1lbum \u201cEpifania\u201d, ainda sem data de lan\u00e7amento confirmada, de autoria do Clovis.<\/p>\n\n\n\n<p>Segundo ele, tratam-se de m\u00fasicas muito especiais, por terem nascido espontaneamente durante a pandemia sob a perspectiva de um mundo novo que nos convida a uma nova mentalidade: mais humana, mais male\u00e1vel, mais altru\u00edsta.&nbsp;<\/p>\n\n\n\n<p>\u201cNesta m\u00fasica, eu senti muita necessidade de imprimir palavras espec\u00edficas e do jeito mais popular poss\u00edvel, para que os ouvintes possam entender que \u00e9 uma can\u00e7\u00e3o sobre conselhos, um convite para repensarmos nossas atitudes em rela\u00e7\u00e3o ao pr\u00f3ximo e observar se estamos oferecendo aquilo que queremos receber\u201d, afirma o cantor.&nbsp;<\/p>\n\n\n\n<p>Clovis diz que ele e Claudia Leitte passaram a se comunicar com mais frequ\u00eancia ap\u00f3s sua participa\u00e7\u00e3o em um evento da cantora. Desde essa ocasi\u00e3o, come\u00e7aram a perceber uma m\u00fatua empatia no trabalho, o que facilitou a concretiza\u00e7\u00e3o do projeto: \u201cEsse foi o ponto de partida para a realiza\u00e7\u00e3o do single \u2018Aprendiz\u2019, fazendo com que o projeto se tornasse muito mais poss\u00edvel e, certamente, mais prazeroso de ser feito\u201d, diz Clovis.<\/p>\n\n\n\n<p>Claudia Leitte tamb\u00e9m n\u00e3o deixou de manifestar a sua admira\u00e7\u00e3o pelo amigo e cantor, al\u00e9m de expressar o seu contentamento em trabalhar ao lado de Clovis. \u201cJ\u00e1 tinha sido uma experi\u00eancia incr\u00edvel cantar ao lado do Clovis quando ele participou da apresenta\u00e7\u00e3o do meu trio el\u00e9trico. Quando recebi o convite da gravadora para cantar com ele, fiquei animada\u201d, relata a cantora.<\/p>\n\n\n\n<p><strong>Assista:<\/strong><\/p>\n\n\n\n<figure class=\"wp-block-embed-youtube wp-block-embed is-type-video is-provider-youtube wp-embed-aspect-16-9 wp-has-aspect-ratio\"><div class=\"wp-block-embed__wrapper\">\n<iframe loading=\"lazy\" title=\"Clovis e Claudia Leitte - Aprendiz (Clipe Oficial)\" width=\"630\" height=\"354\" src=\"https:\/\/www.youtube.com\/embed\/vaZYkHRnGaE?start=146&#038;feature=oembed\" frameborder=\"0\" allow=\"accelerometer; autoplay; clipboard-write; encrypted-media; gyroscope; picture-in-picture\" allowfullscreen><\/iframe>\n<\/div><\/figure>\n\n\n\n<p>\n\nFONTE: GUIAME\n\n<\/p>\n","protected":false},"excerpt":{"rendered":"<p>O single \u201cAprendiz\u201d, m\u00fasica autoral do cantor e compositor Clovis, foi lan\u00e7ado nesta ter\u00e7a-feira (13) pela Som Livre, contando com a participa\u00e7\u00e3o de um dos maiores nomes da m\u00fasica pop brasileira, a cantora e compositora Claudia Leitte. A can\u00e7\u00e3o foi gravada no est\u00fadio KZA, do cantor Kauan, da dupla com Matheus. \u201cAprendiz\u201d faz parte do [&hellip;]<\/p>\n","protected":false},"author":2,"featured_media":8926,"comment_status":"open","ping_status":"open","sticky":false,"template":"","format":"standard","meta":[],"categories":[17],"tags":[],"_links":{"self":[{"href":"https:\/\/dgospel.com.br\/portal\/index.php\/wp-json\/wp\/v2\/posts\/8925"}],"collection":[{"href":"https:\/\/dgospel.com.br\/portal\/index.php\/wp-json\/wp\/v2\/posts"}],"about":[{"href":"https:\/\/dgospel.com.br\/portal\/index.php\/wp-json\/wp\/v2\/types\/post"}],"author":[{"embeddable":true,"href":"https:\/\/dgospel.com.br\/portal\/index.php\/wp-json\/wp\/v2\/users\/2"}],"replies":[{"embeddable":true,"href":"https:\/\/dgospel.com.br\/portal\/index.php\/wp-json\/wp\/v2\/comments?post=8925"}],"version-history":[{"count":1,"href":"https:\/\/dgospel.com.br\/portal\/index.php\/wp-json\/wp\/v2\/posts\/8925\/revisions"}],"predecessor-version":[{"id":8927,"href":"https:\/\/dgospel.com.br\/portal\/index.php\/wp-json\/wp\/v2\/posts\/8925\/revisions\/8927"}],"wp:featuredmedia":[{"embeddable":true,"href":"https:\/\/dgospel.com.br\/portal\/index.php\/wp-json\/wp\/v2\/media\/8926"}],"wp:attachment":[{"href":"https:\/\/dgospel.com.br\/portal\/index.php\/wp-json\/wp\/v2\/media?parent=8925"}],"wp:term":[{"taxonomy":"category","embeddable":true,"href":"https:\/\/dgospel.com.br\/portal\/index.php\/wp-json\/wp\/v2\/categories?post=8925"},{"taxonomy":"post_tag","embeddable":true,"href":"https:\/\/dgospel.com.br\/portal\/index.php\/wp-json\/wp\/v2\/tags?post=8925"}],"curies":[{"name":"wp","href":"https:\/\/api.w.org\/{rel}","templated":true}]}}