{"id":8943,"date":"2021-07-22T12:38:51","date_gmt":"2021-07-22T15:38:51","guid":{"rendered":"http:\/\/dgospel.com.br\/portal\/?p=8943"},"modified":"2021-07-22T12:39:09","modified_gmt":"2021-07-22T15:39:09","slug":"jair-bolsonaro-mostra-que-tinha-razao-sobre-crise-na-argentina","status":"publish","type":"post","link":"https:\/\/dgospel.com.br\/portal\/index.php\/2021\/07\/22\/jair-bolsonaro-mostra-que-tinha-razao-sobre-crise-na-argentina\/","title":{"rendered":"Jair Bolsonaro mostra que tinha raz\u00e3o sobre crise na Argentina"},"content":{"rendered":"\n<p> Nesta quarta-feira (21), o presidente Jair Bolsonaro usou as redes sociais para comparar not\u00edcias a respeito da Argentina. Ele exp\u00f4s uma reportagem de 2019, que citou sua fala a respeito do risco que a popula\u00e7\u00e3o do pa\u00eds vizinho corria diante da elei\u00e7\u00e3o de Alberto Fern\u00e1ndez. <\/p>\n\n\n\n<p> Na \u00e9poca, a manchete destacava que segundo Bolsonaro argentinos fugiriam para o Brasil se a \u2018esquerdalha\u2019 voltasse ao poder no pa\u00eds vizinho. A\u00a0<a rel=\"noreferrer noopener\" href=\"https:\/\/pleno.news\/brasil\/cidades\/o-rs-pode-virar-roraima-se-esquerda-vencer-na-argentina.html\" target=\"_blank\">declara\u00e7\u00e3o<\/a>\u00a0do presidente brasileiro foi dada durante um evento em Pelotas (RS). <\/p>\n\n\n\n<p>\u2014 Povo ga\u00facho, se essa esquerdalha voltar aqui na Argentina, n\u00f3s poderemos ter, sim, no Rio Grande do Sul, um novo estado de Roraima. E n\u00e3o queremos isso: irm\u00e3os argentinos fugindo pra c\u00e1, tendo em vista o que de ruim parece que deve se concretizar por l\u00e1 caso essas elei\u00e7\u00f5es realizadas ontem se confirmem agora no m\u00eas de outubro \u2014 disse Bolsonaro. \u2014 N\u00e3o se esque\u00e7am que aqui mais ao Sul, na Argentina, o que aconteceu nas elei\u00e7\u00f5es de ontem. O que aconteceu nas elei\u00e7\u00f5es de ontem\u2026. A turma da Cristina Kirchner, que \u00e9 a mesma da Dilma Rousseff, que e a mesma de [Nicol\u00e1s] Maduro e [Hugo] Ch\u00e1vez, e Fidel Castro, deram sinal de vida aqui \u2013 disse Bolsonaro, na ocasi\u00e3o.<\/p>\n\n\n\n<p>J\u00e1 nesta quarta-feira, ele comparou a not\u00edcia com o recente relato da Jovem Pan, a respeito do\u00a0<a rel=\"noreferrer noopener\" href=\"https:\/\/pleno.news\/mundo\/politica-internacional\/fugindo-da-crise-argentinos-buscam-nova-vida-no-brasil.html\" target=\"_blank\">aumento de fam\u00edlias argentinas vindo para o Brasil<\/a>\u00a0para escapar da crise econ\u00f4mica.<\/p>\n\n\n\n<figure class=\"wp-block-image\"><img src=\"https:\/\/static.cdn.pleno.news\/2021\/07\/Screenshot-2021-07-21T205157.687.png\" alt=\"\" class=\"wp-image-767304\"\/><\/figure>\n\n\n\n<p>Publica\u00e7\u00e3o do presidente&nbsp;Foto: Re\n\n<\/p>\n","protected":false},"excerpt":{"rendered":"<p>Nesta quarta-feira (21), o presidente Jair Bolsonaro usou as redes sociais para comparar not\u00edcias a respeito da Argentina. Ele exp\u00f4s uma reportagem de 2019, que citou sua fala a respeito do risco que a popula\u00e7\u00e3o do pa\u00eds vizinho corria diante da elei\u00e7\u00e3o de Alberto Fern\u00e1ndez. Na \u00e9poca, a manchete destacava que segundo Bolsonaro argentinos fugiriam [&hellip;]<\/p>\n","protected":false},"author":2,"featured_media":8651,"comment_status":"open","ping_status":"open","sticky":false,"template":"","format":"standard","meta":[],"categories":[4],"tags":[13],"_links":{"self":[{"href":"https:\/\/dgospel.com.br\/portal\/index.php\/wp-json\/wp\/v2\/posts\/8943"}],"collection":[{"href":"https:\/\/dgospel.com.br\/portal\/index.php\/wp-json\/wp\/v2\/posts"}],"about":[{"href":"https:\/\/dgospel.com.br\/portal\/index.php\/wp-json\/wp\/v2\/types\/post"}],"author":[{"embeddable":true,"href":"https:\/\/dgospel.com.br\/portal\/index.php\/wp-json\/wp\/v2\/users\/2"}],"replies":[{"embeddable":true,"href":"https:\/\/dgospel.com.br\/portal\/index.php\/wp-json\/wp\/v2\/comments?post=8943"}],"version-history":[{"count":1,"href":"https:\/\/dgospel.com.br\/portal\/index.php\/wp-json\/wp\/v2\/posts\/8943\/revisions"}],"predecessor-version":[{"id":8944,"href":"https:\/\/dgospel.com.br\/portal\/index.php\/wp-json\/wp\/v2\/posts\/8943\/revisions\/8944"}],"wp:featuredmedia":[{"embeddable":true,"href":"https:\/\/dgospel.com.br\/portal\/index.php\/wp-json\/wp\/v2\/media\/8651"}],"wp:attachment":[{"href":"https:\/\/dgospel.com.br\/portal\/index.php\/wp-json\/wp\/v2\/media?parent=8943"}],"wp:term":[{"taxonomy":"category","embeddable":true,"href":"https:\/\/dgospel.com.br\/portal\/index.php\/wp-json\/wp\/v2\/categories?post=8943"},{"taxonomy":"post_tag","embeddable":true,"href":"https:\/\/dgospel.com.br\/portal\/index.php\/wp-json\/wp\/v2\/tags?post=8943"}],"curies":[{"name":"wp","href":"https:\/\/api.w.org\/{rel}","templated":true}]}}