{"id":8958,"date":"2021-07-23T12:31:41","date_gmt":"2021-07-23T15:31:41","guid":{"rendered":"http:\/\/dgospel.com.br\/portal\/?p=8958"},"modified":"2021-07-23T12:31:42","modified_gmt":"2021-07-23T15:31:42","slug":"familia-de-pastor-cubano-preso-foi-despejada-apos-falar-contra-o-governo-comunista","status":"publish","type":"post","link":"https:\/\/dgospel.com.br\/portal\/index.php\/2021\/07\/23\/familia-de-pastor-cubano-preso-foi-despejada-apos-falar-contra-o-governo-comunista\/","title":{"rendered":"Fam\u00edlia de pastor cubano preso foi despejada ap\u00f3s falar contra o governo comunista"},"content":{"rendered":"\n<p>epois das manifesta\u00e7\u00f5es em Cuba contra a ditadura comunista, alguns pastores foram detidos, entre eles Y\u00e9remi Blanco Ram\u00edrez e Yari\u00e1n Sierra, de Matanzas. Os dois est\u00e3o presos desde o dia 11 de julho.&nbsp;<\/p>\n\n\n\n<p>A esposa e o filho do pastor Sierra foram for\u00e7ados a deixar a casa onde moravam ap\u00f3s amea\u00e7as feitas ao propriet\u00e1rio. De acordo com o&nbsp;<em>Christian Solidarity Worldwide (CSW)<\/em>, o dono da casa foi informado pela seguran\u00e7a do Estado que sua propriedade seria confiscada se ele continuasse a abrigar a fam\u00edlia do pastor.<\/p>\n\n\n\n<p>M\u00e3e e filho foram despejados em 18 de julho e agora est\u00e3o sendo abrigados em uma igreja local. Claudia Salazar havia denunciado sobre os \u201cabusos, maus tratos e injusti\u00e7a\u201d depois que o marido foi preso. O despejo aconteceu um dia depois de suas declara\u00e7\u00f5es p\u00fablicas.&nbsp;<\/p>\n\n\n\n<p><strong>Falta de liberdade de express\u00e3o<\/strong><\/p>\n\n\n\n<p>Claudia criticou as autoridades cubanas pela deten\u00e7\u00e3o de seu marido e do pastor Ramirez. \u201cMeu marido Yari\u00e1n Sierra e nosso amigo e irm\u00e3o, Y\u00e9remi Blanco Ram\u00edrez, s\u00e3o cidad\u00e3os cubanos honrados\u201d, ela escreveu.<\/p>\n\n\n\n<p>O procedimento normal \u00e9 que os detidos permane\u00e7am na pris\u00e3o por at\u00e9 tr\u00eas dias, mas os pastores foram informados que ficar\u00e3o por duas semanas, o que viola muitas leis cubanas.<\/p>\n\n\n\n<p>O presidente Miguel Diaz-Canel chegou a amea\u00e7ar o povo com promessas de mais repress\u00e3o. E o diretor do Semin\u00e1rio Carey de Cuba, Jatniel P\u00e9rez, que est\u00e1 fazendo uma campanha para ajudar na liberta\u00e7\u00e3o dos pastores, disse que teme que a situa\u00e7\u00e3o fique pior nos pr\u00f3ximos dias.&nbsp;<\/p>\n\n\n\n<p>A chefe de defesa da<em>&nbsp;CSW<\/em>, Anna-Lee Stangl, disse que a decis\u00e3o de despejar Claudia Salazar e seu filho, especialmente neste momento angustiante \u201c\u00e9 um ato vingativo e cruel das autoridades cubanas, que deveriam concentrar seus esfor\u00e7os em atender \u00e0s chamadas referentes aos protestos em curso em todo o pa\u00eds.<\/p>\n\n\n\n<p><strong>Testemunho crist\u00e3o<\/strong><\/p>\n\n\n\n<p>De acordo com a esposa do pastor Sierra: \u201cEles t\u00eam dedicado toda a sua juventude e vida para servir a igreja e servir aos outros. S\u00e3o homens de fam\u00edlia. Pais amorosos, maridos amorosos, com um testemunho de vida impec\u00e1vel\u201d.&nbsp;<\/p>\n\n\n\n<p>\u201cEles n\u00e3o s\u00e3o delinquentes, nem s\u00e3o canalhas, como os chamam os governantes deste pa\u00eds. S\u00e3o homens bons, s\u00e3o homens de Deus, que pensam diferente, que abominam o comunismo e que sa\u00edram para expressar isso como todo ser humano tem o direito de pensar e dizer o que sente\u201d, continuou.<\/p>\n\n\n\n<p>Fontes disseram \u00e0&nbsp;<em>CSW&nbsp;<\/em>sobre um terceiro pastor protestante, Lorenzo Rosales Fajardo, atualmente detido em uma instala\u00e7\u00e3o de seguran\u00e7a do Estado, em Santiago.<\/p>\n\n\n\n<p>Ele foi detido com seu filho de 17 anos, que j\u00e1 foi libertado e \u00e9 descrito por sua m\u00e3e como \u201cpsicologicamente traumatizado\u201d por essa experi\u00eancia. O governo cubano planeja acusar Fajardo e seu filho por \u201cdesrespeito e desordem p\u00fablica\u201d. Fajardo est\u00e1 enfrentando uma cobran\u00e7a adicional relacionada a \u201cataques\u201d.&nbsp;<\/p>\n\n\n\n<p>\u201cContinuamos pedindo a liberta\u00e7\u00e3o imediata e incondicional dos pastores Sierra, Ramirez e Fajardo e de todos os outros detidos por terem lutado pelos seus direitos humanos fundamentais. Esperamos que as acusa\u00e7\u00f5es contra o filho do pastor Fajardo sejam retiradas\u201d, finalizou Anna Lee.<\/p>\n\n\n\n<p><em>Fonte: Guiame\/ Com informa\u00e7\u00f5es de Christian Today<\/em><\/p>\n","protected":false},"excerpt":{"rendered":"<p>epois das manifesta\u00e7\u00f5es em Cuba contra a ditadura comunista, alguns pastores foram detidos, entre eles Y\u00e9remi Blanco Ram\u00edrez e Yari\u00e1n Sierra, de Matanzas. Os dois est\u00e3o presos desde o dia 11 de julho.&nbsp; A esposa e o filho do pastor Sierra foram for\u00e7ados a deixar a casa onde moravam ap\u00f3s amea\u00e7as feitas ao propriet\u00e1rio. De [&hellip;]<\/p>\n","protected":false},"author":2,"featured_media":8959,"comment_status":"open","ping_status":"open","sticky":false,"template":"","format":"standard","meta":[],"categories":[5],"tags":[],"_links":{"self":[{"href":"https:\/\/dgospel.com.br\/portal\/index.php\/wp-json\/wp\/v2\/posts\/8958"}],"collection":[{"href":"https:\/\/dgospel.com.br\/portal\/index.php\/wp-json\/wp\/v2\/posts"}],"about":[{"href":"https:\/\/dgospel.com.br\/portal\/index.php\/wp-json\/wp\/v2\/types\/post"}],"author":[{"embeddable":true,"href":"https:\/\/dgospel.com.br\/portal\/index.php\/wp-json\/wp\/v2\/users\/2"}],"replies":[{"embeddable":true,"href":"https:\/\/dgospel.com.br\/portal\/index.php\/wp-json\/wp\/v2\/comments?post=8958"}],"version-history":[{"count":1,"href":"https:\/\/dgospel.com.br\/portal\/index.php\/wp-json\/wp\/v2\/posts\/8958\/revisions"}],"predecessor-version":[{"id":8960,"href":"https:\/\/dgospel.com.br\/portal\/index.php\/wp-json\/wp\/v2\/posts\/8958\/revisions\/8960"}],"wp:featuredmedia":[{"embeddable":true,"href":"https:\/\/dgospel.com.br\/portal\/index.php\/wp-json\/wp\/v2\/media\/8959"}],"wp:attachment":[{"href":"https:\/\/dgospel.com.br\/portal\/index.php\/wp-json\/wp\/v2\/media?parent=8958"}],"wp:term":[{"taxonomy":"category","embeddable":true,"href":"https:\/\/dgospel.com.br\/portal\/index.php\/wp-json\/wp\/v2\/categories?post=8958"},{"taxonomy":"post_tag","embeddable":true,"href":"https:\/\/dgospel.com.br\/portal\/index.php\/wp-json\/wp\/v2\/tags?post=8958"}],"curies":[{"name":"wp","href":"https:\/\/api.w.org\/{rel}","templated":true}]}}