{"id":8964,"date":"2021-07-23T14:45:44","date_gmt":"2021-07-23T17:45:44","guid":{"rendered":"http:\/\/dgospel.com.br\/portal\/?p=8964"},"modified":"2021-07-23T14:45:46","modified_gmt":"2021-07-23T17:45:46","slug":"eleita-pelo-pt-vereadora-presa-por-chacina-toma-posse-no-ce","status":"publish","type":"post","link":"https:\/\/dgospel.com.br\/portal\/index.php\/2021\/07\/23\/eleita-pelo-pt-vereadora-presa-por-chacina-toma-posse-no-ce\/","title":{"rendered":"Eleita pelo PT, vereadora presa por chacina toma posse no CE"},"content":{"rendered":"\n<p>A vereadora Edivanda de Azevedo, eleita no pleito de 2020 para a C\u00e2mara Municipal da cidade de Ibaretama, no Cear\u00e1, tomou posse do cargo na \u00faltima quarta-feira (21). Poderia parecer s\u00f3 uma formalidade pol\u00edtica, exceto pelas circunst\u00e2ncias nas quais a cerim\u00f4nia ocorreu. A agora parlamentar est\u00e1 presa em Aquiraz, Regi\u00e3o Metropolitana de Fortaleza, por envolvimento em uma chacina.<\/p>\n\n\n\n<p>Edivanda \u00e9 r\u00e9 por envolvimento em uma chacina com sete mortos ocorrida no munic\u00edpio onde foi eleita. Ela foi presa em dezembro de 2020, ao lado de dois irm\u00e3os, todos suspeitos de participar do homic\u00eddio de sete pessoas, incluindo uma crian\u00e7a de sete anos. O crime aconteceu em 26 de novembro do ano passado, quando homens armados invadiram a casa onde as v\u00edtimas estavam.<\/p>\n\n\n\n<p>A posse da parlamentar nesta semana foi autorizada pelo juiz Welithon Alves de Mesquita, da 1\u00aa Vara C\u00edvel da Comarca de Quixad\u00e1. Por meio de um mandado de seguran\u00e7a, o magistrado pontuou que \u201ca posse n\u00e3o implica e nem se confunde com o exerc\u00edcio do cargo de vereador para o qual a impetrante est\u00e1 impossibilitada em raz\u00e3o da pris\u00e3o provis\u00f3ria\u201d.<\/p>\n\n\n\n<p>Apesar de ter sido empossada, Edivanda n\u00e3o poder\u00e1 participar das sess\u00f5es da C\u00e2mara e tampouco receber sal\u00e1rio enquanto estiver presa. Durante a sess\u00e3o de posse, a nova vereadora disse ser inocente das acusa\u00e7\u00f5es apontadas a ela e afirmou n\u00e3o ter vergonha \u201cdo que aconteceu\u201d. A parlamentar foi eleita pelo PT, com 335 votos.<\/p>\n\n\n\n<p>\u2013 Eu tenho um compromisso com esse munic\u00edpio e todos que me conhecem sabem a pessoa que eu sou. Se Deus quiser eu vou provar a minha inoc\u00eancia e logo sairei daqui. Eu sempre trabalhei no munic\u00edpio de Ibaretama de forma not\u00e1vel. N\u00e3o tenho vergonha do que aconteceu, porque sou inocente, vou provar minha inoc\u00eancia e saio daqui de cabe\u00e7a erguida \u2013 afirmou.<\/p>\n\n\n\n<p>As investiga\u00e7\u00f5es das mortes apontam que a atua\u00e7\u00e3o da vereadora nos homic\u00eddios foi como auxiliar dos executores, ou seja, ela teria dado apoio log\u00edstico e material para que a chacina ocorresse. Os alvos da a\u00e7\u00e3o criminosa eram pessoas supostamente envolvidas em crimes no munic\u00edpio e integrantes de uma organiza\u00e7\u00e3o criminosa, conforme provas levantadas pelos agentes da Pol\u00edcia Civil.<\/p>\n","protected":false},"excerpt":{"rendered":"<p>A vereadora Edivanda de Azevedo, eleita no pleito de 2020 para a C\u00e2mara Municipal da cidade de Ibaretama, no Cear\u00e1, tomou posse do cargo na \u00faltima quarta-feira (21). Poderia parecer s\u00f3 uma formalidade pol\u00edtica, exceto pelas circunst\u00e2ncias nas quais a cerim\u00f4nia ocorreu. A agora parlamentar est\u00e1 presa em Aquiraz, Regi\u00e3o Metropolitana de Fortaleza, por envolvimento [&hellip;]<\/p>\n","protected":false},"author":2,"featured_media":8965,"comment_status":"open","ping_status":"open","sticky":false,"template":"","format":"standard","meta":[],"categories":[4],"tags":[],"_links":{"self":[{"href":"https:\/\/dgospel.com.br\/portal\/index.php\/wp-json\/wp\/v2\/posts\/8964"}],"collection":[{"href":"https:\/\/dgospel.com.br\/portal\/index.php\/wp-json\/wp\/v2\/posts"}],"about":[{"href":"https:\/\/dgospel.com.br\/portal\/index.php\/wp-json\/wp\/v2\/types\/post"}],"author":[{"embeddable":true,"href":"https:\/\/dgospel.com.br\/portal\/index.php\/wp-json\/wp\/v2\/users\/2"}],"replies":[{"embeddable":true,"href":"https:\/\/dgospel.com.br\/portal\/index.php\/wp-json\/wp\/v2\/comments?post=8964"}],"version-history":[{"count":1,"href":"https:\/\/dgospel.com.br\/portal\/index.php\/wp-json\/wp\/v2\/posts\/8964\/revisions"}],"predecessor-version":[{"id":8966,"href":"https:\/\/dgospel.com.br\/portal\/index.php\/wp-json\/wp\/v2\/posts\/8964\/revisions\/8966"}],"wp:featuredmedia":[{"embeddable":true,"href":"https:\/\/dgospel.com.br\/portal\/index.php\/wp-json\/wp\/v2\/media\/8965"}],"wp:attachment":[{"href":"https:\/\/dgospel.com.br\/portal\/index.php\/wp-json\/wp\/v2\/media?parent=8964"}],"wp:term":[{"taxonomy":"category","embeddable":true,"href":"https:\/\/dgospel.com.br\/portal\/index.php\/wp-json\/wp\/v2\/categories?post=8964"},{"taxonomy":"post_tag","embeddable":true,"href":"https:\/\/dgospel.com.br\/portal\/index.php\/wp-json\/wp\/v2\/tags?post=8964"}],"curies":[{"name":"wp","href":"https:\/\/api.w.org\/{rel}","templated":true}]}}