{"id":897,"date":"2018-08-03T10:29:17","date_gmt":"2018-08-03T13:29:17","guid":{"rendered":"http:\/\/dgospel.com.br\/portal\/?p=897"},"modified":"2018-08-03T10:29:17","modified_gmt":"2018-08-03T13:29:17","slug":"em-encontro-de-tatica-eleitoral-pt-define-que-apoiara-marlon-reis-e-lanca-mourao-ao-senado","status":"publish","type":"post","link":"https:\/\/dgospel.com.br\/portal\/index.php\/2018\/08\/03\/em-encontro-de-tatica-eleitoral-pt-define-que-apoiara-marlon-reis-e-lanca-mourao-ao-senado\/","title":{"rendered":"Em Encontro de T\u00e1tica Eleitoral, PT define que apoiar\u00e1 Marlon Reis e lan\u00e7a Mour\u00e3o ao Senado"},"content":{"rendered":"<p class=\"yiv5172076331MsoNormal\">O partido dos Trabalhadores do Tocantins (PT-TO) definiu nesta quinta-feira, 02, durante o Encontro Estadual de T\u00e1tica Eleitoral que ir\u00e1 apoiar o pr\u00e9-candidato M\u00e1rlon Reis ao governo do Estado. Tamb\u00e9m foi deliberado durante o encontro de t\u00e1tica a indica\u00e7\u00e3o do nome do deputado Paulo Mour\u00e3o para o senado e a do\u00a0m\u00e9dico, ex-vereador de para\u00edso do Tocantins, dr. Lu\u00eds Ant\u00f4nio\u00a0para a vaga de segundo suplente. A delega\u00e7\u00e3o tamb\u00e9m deliberou que no domingo, 05, durante a conven\u00e7\u00e3o,\u00a0 que acontece na sede da sigla, o PT decidir\u00e1 com quem a chapa de proporcionais (deputadas e deputados estaduais e federais) ir\u00e1 coligar.<\/p>\n<p class=\"yiv5172076331MsoNormal\">\n<p class=\"yiv5172076331MsoNormal\">O evento contou com a presen\u00e7a do pr\u00e9-candidato ao governo do Estado da Rede Sustentabilidade, M\u00e1rlon Reis, que em seu discurso criticou a forma que os governantes atuaram ao longo da hist\u00f3ria do Tocantins. &#8221; Chegou a hora de mudar a maneira que\u00a0 se fez pol\u00edtica. N\u00f3s podemos fazer uma ampla frente partid\u00e1ria e em outubro nos orgulhar de come\u00e7ar um novo per\u00edodo. Vencer as oligarquias\u00a0 \u00e9 fundamental para que as pessoas passem a ter uma representa\u00e7\u00e3o adequada para efetivar a participa\u00e7\u00e3o de forma direta ou indireta dos tocantinenses&#8221;.<\/p>\n<p class=\"yiv5172076331MsoNormal\">\n<p class=\"yiv5172076331MsoNormal\">&#8221; Aqui temos fam\u00edlias de homens e mulheres que n\u00e3o se vendem, aqui existe sonhos e estamos entregando em suas m\u00e3os porque acreditamos que dessa vez n\u00e3o iremos nos envergonhar, vamos sair nas ruas e discutir. Dessa vez o tocantinense vai construir o Estado que sonhou e a hist\u00f3ria vai se complementar&#8221;, disse Paulo Mour\u00e3o\u00a0 ao pr\u00e9-candidato ao governo M\u00e1rlon Reis.<\/p>\n<p class=\"yiv5172076331MsoNormal\">\n<p class=\"yiv5172076331MsoNormal\">&#8220;Nosso partido est\u00e1 empenhado, junto com seus militantes, para construir as candidaturas que representem a popula\u00e7\u00e3o tocantinense&#8221;, finalizou o presidente do PT deputado Z\u00e9 Roberto.<\/p>\n","protected":false},"excerpt":{"rendered":"<p>O partido dos Trabalhadores do Tocantins (PT-TO) definiu nesta quinta-feira, 02, durante o Encontro Estadual de T\u00e1tica Eleitoral que ir\u00e1 apoiar o pr\u00e9-candidato M\u00e1rlon Reis ao governo do Estado. Tamb\u00e9m foi deliberado durante o encontro de t\u00e1tica a indica\u00e7\u00e3o do nome do deputado Paulo Mour\u00e3o para o senado e a do\u00a0m\u00e9dico, ex-vereador de para\u00edso do [&hellip;]<\/p>\n","protected":false},"author":2,"featured_media":898,"comment_status":"open","ping_status":"open","sticky":false,"template":"","format":"standard","meta":[],"categories":[2,4],"tags":[],"_links":{"self":[{"href":"https:\/\/dgospel.com.br\/portal\/index.php\/wp-json\/wp\/v2\/posts\/897"}],"collection":[{"href":"https:\/\/dgospel.com.br\/portal\/index.php\/wp-json\/wp\/v2\/posts"}],"about":[{"href":"https:\/\/dgospel.com.br\/portal\/index.php\/wp-json\/wp\/v2\/types\/post"}],"author":[{"embeddable":true,"href":"https:\/\/dgospel.com.br\/portal\/index.php\/wp-json\/wp\/v2\/users\/2"}],"replies":[{"embeddable":true,"href":"https:\/\/dgospel.com.br\/portal\/index.php\/wp-json\/wp\/v2\/comments?post=897"}],"version-history":[{"count":1,"href":"https:\/\/dgospel.com.br\/portal\/index.php\/wp-json\/wp\/v2\/posts\/897\/revisions"}],"predecessor-version":[{"id":899,"href":"https:\/\/dgospel.com.br\/portal\/index.php\/wp-json\/wp\/v2\/posts\/897\/revisions\/899"}],"wp:featuredmedia":[{"embeddable":true,"href":"https:\/\/dgospel.com.br\/portal\/index.php\/wp-json\/wp\/v2\/media\/898"}],"wp:attachment":[{"href":"https:\/\/dgospel.com.br\/portal\/index.php\/wp-json\/wp\/v2\/media?parent=897"}],"wp:term":[{"taxonomy":"category","embeddable":true,"href":"https:\/\/dgospel.com.br\/portal\/index.php\/wp-json\/wp\/v2\/categories?post=897"},{"taxonomy":"post_tag","embeddable":true,"href":"https:\/\/dgospel.com.br\/portal\/index.php\/wp-json\/wp\/v2\/tags?post=897"}],"curies":[{"name":"wp","href":"https:\/\/api.w.org\/{rel}","templated":true}]}}