{"id":8970,"date":"2021-07-26T11:48:39","date_gmt":"2021-07-26T14:48:39","guid":{"rendered":"http:\/\/dgospel.com.br\/portal\/?p=8970"},"modified":"2021-07-26T11:48:41","modified_gmt":"2021-07-26T14:48:41","slug":"governo-do-tocantins-inicia-obras-da-ciclovia-off-road-que-ligara-palmas-a-taquarucu","status":"publish","type":"post","link":"https:\/\/dgospel.com.br\/portal\/index.php\/2021\/07\/26\/governo-do-tocantins-inicia-obras-da-ciclovia-off-road-que-ligara-palmas-a-taquarucu\/","title":{"rendered":"Governo do Tocantins inicia obras da ciclovia &#8220;off road&#8221; que ligar\u00e1 Palmas a Taquaru\u00e7u"},"content":{"rendered":"\n<p>Os ciclistas de Palmas poder\u00e3o utilizar uma rota mais segura e ecol\u00f3gica para ir at\u00e9 Taquaru\u00e7u por meio da TO-020. A obra da&nbsp;<em>ciclovia off road<\/em>, que ter\u00e1 9 km de extens\u00e3o, foi lan\u00e7ada na manh\u00e3 dessa sexta-feira, 23, pelo vice-governador do Estado do Tocantins, Wanderlei Barbosa, e ser\u00e1 executada diretamente pela Ag\u00eancia Tocantinense de Transportes e Obras (Ageto), a partir desta sexta.&nbsp;A previs\u00e3o de conclus\u00e3o da ciclovia \u00e9 de 25 dias.<\/p>\n\n\n\n<p>Durante o lan\u00e7amento, o vice-governador Wanderlei Barbosa enfatizou que o valor da obra supera o monet\u00e1rio. &#8220;N\u00f3s sabemos da import\u00e2ncia desse benef\u00edcio, talvez o valor dessa obra n\u00e3o seja o maior dos nossos investimentos em dinheiro, pois o valor que isso gera, para os ciclistas e para a pr\u00e1tica desse esporte, \u00e9 inestim\u00e1vel. Agora, os ciclistas poder\u00e3o fazer seus passeios sem ter que disputar com os carros, correndo risco de morte e isso \u00e9 o que mais importa para a nossa gest\u00e3o&#8221;, afirmou.<\/p>\n\n\n\n<p>O vice-governador salientou ainda que o desejo do Governo do Tocantins \u00e9 levar ciclovias para todos os munic\u00edpios que mant\u00eam a pr\u00e1tica do ciclismo.&nbsp;<\/p>\n\n\n\n<p>A secret\u00e1ria de Estado da Infraestrutura, Cidades e Habita\u00e7\u00e3o e presidente da Ageto, Juliana Passarin, destacou outros investimentos feitos pelo Estado voltados ao benef\u00edcio dos ciclistas. &#8220;Uma obra que j\u00e1 \u00e9 realidade para os ciclistas \u00e9 a NS-15 que, al\u00e9m da ciclovia, tem tamb\u00e9m cal\u00e7ada para os pedestres. Entregamos tamb\u00e9m a ilumina\u00e7\u00e3o da ponte que liga Palmas a Para\u00edso, outra rota importante para os ciclistas. Isso prova que os investimentos n\u00e3o param em todo o Estado e n\u00f3s estamos trabalhando, e trabalhando muito, para levar uma melhor qualidade de vida a toda popula\u00e7\u00e3o tocantinense&#8221;, finalizou.&nbsp;<\/p>\n\n\n\n<p><strong>Os ciclistas<\/strong><\/p>\n\n\n\n<p>Presente no lan\u00e7amento, o presidente da Associa\u00e7\u00e3o Tocantinense de Ciclismo, Diogo Freitas, agradeceu \u00e0 Gest\u00e3o Estadual pelo empenho na pauta. &#8220;\u00c9 muito gratificante ver o empenho do Governo do Tocantins em garantir a seguran\u00e7a para a pr\u00e1tica do ciclismo no nosso&nbsp;Estado. N\u00f3s s\u00f3 temos a agradecer&#8221;, enfatizou.&nbsp;<\/p>\n\n\n\n<p>Praticante do ciclismo h\u00e1 pelo menos 20 anos e tamb\u00e9m vice-presidente da Federa\u00e7\u00e3o Tocantinense de Triathlon, S\u00e9rgio Henrique, destacou que, agora, os atletas poder\u00e3o praticar seu esporte com a certeza de que voltar\u00e3o vivos para casa. &#8220;Assim como eu, pelo menos 300 pessoas sobem a Serra aos s\u00e1bados e esse \u00e9 um sonho que est\u00e1 sendo realizado, promovendo a seguran\u00e7a dos nossos ciclistas e tamb\u00e9m fomentando a economia do Distrito, pois os ciclistas s\u00e3o tamb\u00e9m consumidores. Com certeza, \u00e9 uma obra que beneficiar\u00e1 muita gente&#8221;, afirmou.<\/p>\n\n\n\n<p><strong>Pr\u00f3ximas obras<\/strong><\/p>\n\n\n\n<p>A rota alternativa para Taquaru\u00e7u faz parte de um pacote de obras que ainda ser\u00e3o realizadas no trecho. &#8220;J\u00e1 iniciamos a licita\u00e7\u00e3o para instala\u00e7\u00e3o da ilumina\u00e7\u00e3o do trecho que liga Palmas a Taquaralto e tamb\u00e9m iniciamos o projeto que visa construir a ciclovia de Taquaralto at\u00e9 Taquaru\u00e7u, que tamb\u00e9m \u00e9 uma demanda antiga dos ciclistas e da popula\u00e7\u00e3o da regi\u00e3o&#8221;, informou a secret\u00e1ria Juliana Passarin.&nbsp;<\/p>\n\n\n\n<p><strong>Presen\u00e7as<\/strong><\/p>\n\n\n\n<p>Estiveram presentes no lan\u00e7amento tamb\u00e9m o deputado estadual L\u00e9o Barbosa, a deputada Claudia Lelis e o ex-deputado Marcelo Lelis.<\/p>\n\n\n\n<figure class=\"wp-block-image\"><img src=\"https:\/\/central.to.gov.br\/image\/252890?w=565&amp;h=349\" alt=\"\"\/><\/figure>\n\n\n\n<p>Vice-governador destacou que, agora, os ciclistas poder\u00e3o praticar seu esporte com seguran\u00e7a &#8211; Zezinha Carvalho\/Governo do Tocantins<\/p>\n\n\n\n<figure class=\"wp-block-image\"><img src=\"https:\/\/central.to.gov.br\/image\/252893?w=565&amp;h=349\" alt=\"\"\/><\/figure>\n\n\n\n<p>O vice-presidente da Federa\u00e7\u00e3o Tocantinense de Triathlon, S\u00e9rgio Henrique, destacou que os atletas agradecem pela realiza\u00e7\u00e3o da obra &#8211; Zezinha Carvalho\/Governo do Tocantins<\/p>\n\n\n\n<figure class=\"wp-block-image\"><img src=\"https:\/\/central.to.gov.br\/image\/252897?w=565&amp;h=349\" alt=\"\"\/><\/figure>\n\n\n\n<p>Juliana Passarin ressaltou a import\u00e2ncia da nova estrutura para a cidade &#8211; Zezinha Carvalho\/Governo do Tocantins<a href=\"javascript:\"><em>keyboard_arrow_up<\/em><\/a><br><\/p>\n","protected":false},"excerpt":{"rendered":"<p>Os ciclistas de Palmas poder\u00e3o utilizar uma rota mais segura e ecol\u00f3gica para ir at\u00e9 Taquaru\u00e7u por meio da TO-020. A obra da&nbsp;ciclovia off road, que ter\u00e1 9 km de extens\u00e3o, foi lan\u00e7ada na manh\u00e3 dessa sexta-feira, 23, pelo vice-governador do Estado do Tocantins, Wanderlei Barbosa, e ser\u00e1 executada diretamente pela Ag\u00eancia Tocantinense de Transportes [&hellip;]<\/p>\n","protected":false},"author":2,"featured_media":8971,"comment_status":"open","ping_status":"open","sticky":false,"template":"","format":"standard","meta":[],"categories":[3],"tags":[],"_links":{"self":[{"href":"https:\/\/dgospel.com.br\/portal\/index.php\/wp-json\/wp\/v2\/posts\/8970"}],"collection":[{"href":"https:\/\/dgospel.com.br\/portal\/index.php\/wp-json\/wp\/v2\/posts"}],"about":[{"href":"https:\/\/dgospel.com.br\/portal\/index.php\/wp-json\/wp\/v2\/types\/post"}],"author":[{"embeddable":true,"href":"https:\/\/dgospel.com.br\/portal\/index.php\/wp-json\/wp\/v2\/users\/2"}],"replies":[{"embeddable":true,"href":"https:\/\/dgospel.com.br\/portal\/index.php\/wp-json\/wp\/v2\/comments?post=8970"}],"version-history":[{"count":1,"href":"https:\/\/dgospel.com.br\/portal\/index.php\/wp-json\/wp\/v2\/posts\/8970\/revisions"}],"predecessor-version":[{"id":8972,"href":"https:\/\/dgospel.com.br\/portal\/index.php\/wp-json\/wp\/v2\/posts\/8970\/revisions\/8972"}],"wp:featuredmedia":[{"embeddable":true,"href":"https:\/\/dgospel.com.br\/portal\/index.php\/wp-json\/wp\/v2\/media\/8971"}],"wp:attachment":[{"href":"https:\/\/dgospel.com.br\/portal\/index.php\/wp-json\/wp\/v2\/media?parent=8970"}],"wp:term":[{"taxonomy":"category","embeddable":true,"href":"https:\/\/dgospel.com.br\/portal\/index.php\/wp-json\/wp\/v2\/categories?post=8970"},{"taxonomy":"post_tag","embeddable":true,"href":"https:\/\/dgospel.com.br\/portal\/index.php\/wp-json\/wp\/v2\/tags?post=8970"}],"curies":[{"name":"wp","href":"https:\/\/api.w.org\/{rel}","templated":true}]}}