{"id":8973,"date":"2021-07-26T11:51:02","date_gmt":"2021-07-26T14:51:02","guid":{"rendered":"http:\/\/dgospel.com.br\/portal\/?p=8973"},"modified":"2021-07-26T11:51:04","modified_gmt":"2021-07-26T14:51:04","slug":"tocantins-e-maranhao-pretendem-criar-roteiro-turistico-integrando-jalapao-e-chapada-das-mesas","status":"publish","type":"post","link":"https:\/\/dgospel.com.br\/portal\/index.php\/2021\/07\/26\/tocantins-e-maranhao-pretendem-criar-roteiro-turistico-integrando-jalapao-e-chapada-das-mesas\/","title":{"rendered":"Tocantins e Maranh\u00e3o pretendem criar roteiro tur\u00edstico integrando Jalap\u00e3o e Chapada das Mesas"},"content":{"rendered":"\n<p>Uma nova rota tur\u00edstica est\u00e1 prestes a nascer com a integra\u00e7\u00e3o do Tocantins com o Maranh\u00e3o. A Chapada das Mesas e o Jalap\u00e3o podem se tornar uma rota \u00fanica. O projeto, que ainda ser\u00e1 discutido entre os Governos estaduais e os munic\u00edpios dessas regi\u00f5es, foi anunciado na tarde dessa quinta-feira, 22, durante reuni\u00e3o entre os governadores do Tocantins, Mauro Carlesse, e do Maranh\u00e3o, Fl\u00e1vio Dino, e suas respectivas equipes t\u00e9cnicas para tratar das a\u00e7\u00f5es do Projeto de Integra\u00e7\u00e3o Geopol\u00edtica Interestadual.<\/p>\n\n\n\n<p>O governador Mauro Carlesse destacou a parceria de longa data com o Estado do Maranh\u00e3o. \u201cS\u00e3o dois estados que t\u00eam muito em comum e agora v\u00e3o ter projetos estruturantes em v\u00e1rias \u00e1reas, pensados em longo prazo. Esse que integra o roteiro tur\u00edstico do Jalap\u00e3o com a Chapada das Mesas, tenho certeza de que em breve a gente consolide as tratativas para viabiliz\u00e1-lo. Ser\u00e1 um sucesso no trade tur\u00edstico de ambos os estados e uma rota bastante apreciada pelos turistas\u201d, destacou.<\/p>\n\n\n\n<p>\u201cTemos que pensar em um nome para esse novo roteiro. Tenho certeza que al\u00e9m de integrar essas regi\u00f5es, vai alavancar ainda mais o turismo no Jalap\u00e3o e na Chapada das Mesas\u201d, sugeriu o governador do Maranh\u00e3o, Fl\u00e1vio Dino.<\/p>\n\n\n\n<p>A integra\u00e7\u00e3o das rotas \u00e9 defendida por gestores de munic\u00edpios do Jalap\u00e3o. A prefeita de Lizarda, Suelene Lustosa, demonstrou que a rota \u00e9 de interesse do munic\u00edpio, mas afirmou que precisa de estudo e capacita\u00e7\u00e3o. O munic\u00edpio de Lizarda faz divisa com Alto Parna\u00edba (MA).<\/p>\n\n\n\n<p>\u201cEssa rota \u00e9 muito importante para a nossa cidade, mas, antes, temos que preparar as pessoas para essa grande cadeia econ\u00f4mica que \u00e9 o turismo. Estamos felizes com essas a\u00e7\u00f5es que trazem uma perspectiva de que nossa cidade, no futuro, ter\u00e1 uma rota importante no turismo e no agroneg\u00f3cio, pois tamb\u00e9m estamos na \u00faltima fronteira agr\u00edcola que \u00e9 o Matopiba\u201d, afirmou a prefeita Suelene Lustosa.<\/p>\n\n\n\n<p><strong>Roteiros<\/strong><\/p>\n\n\n\n<p>O Parque Nacional da Chapada das Mesas \u00e9 uma unidade de conserva\u00e7\u00e3o que abrange 160 mil hectares de Cerrado nos munic\u00edpios de Carolina, Riach\u00e3o e Estreito.<\/p>\n\n\n\n<p>Na regi\u00e3o do Jalap\u00e3o, existem \u00e1reas de conserva\u00e7\u00e3o para garantir a preserva\u00e7\u00e3o da fauna e da flora do Cerrado. Uma delas \u00e9 a \u00c1rea de Preserva\u00e7\u00e3o Ambiental (APA) do Jalap\u00e3o, com 461 mil hectares, que abrange parte dos munic\u00edpios de Mateiros, Novo Acordo e Ponte Alta do Tocantins. A APA abriga um dos principais atrativos tur\u00edsticos da regi\u00e3o, a Cachoeira da Velha.<\/p>\n\n\n\n<p>A regi\u00e3o tamb\u00e9m conta com o Parque Estadual do Jalap\u00e3o, que abrange uma \u00e1rea de quase 160 mil hectares no munic\u00edpio de Mateiros. \u00c9 o maior parque estadual do Tocantins e sua vegeta\u00e7\u00e3o \u00e9 predominantemente de Cerrado e campo limpo com veredas.<\/p>\n\n\n\n<p>A rota tur\u00edstica do Jalap\u00e3o disp\u00f5e de cen\u00e1rios ideais para o ecoturismo e o turismo de aventura com suas dunas, serras, cachoeiras, rios e corredeiras.<\/p>\n\n\n\n<figure class=\"wp-block-image\"><img src=\"https:\/\/central.to.gov.br\/image\/252896?w=565&amp;h=349\" alt=\"\"\/><\/figure>\n\n\n\n<p>A prefeita de Lizarda, Suelene Lustosa, demonstrou que a rota tur\u00edstica Jalap\u00e3o\/Serra das Mesas \u00e9 de interesse dos lizardenses &#8211; Tharson Lopes\/Governo do Tocantins<br><\/p>\n","protected":false},"excerpt":{"rendered":"<p>Uma nova rota tur\u00edstica est\u00e1 prestes a nascer com a integra\u00e7\u00e3o do Tocantins com o Maranh\u00e3o. A Chapada das Mesas e o Jalap\u00e3o podem se tornar uma rota \u00fanica. O projeto, que ainda ser\u00e1 discutido entre os Governos estaduais e os munic\u00edpios dessas regi\u00f5es, foi anunciado na tarde dessa quinta-feira, 22, durante reuni\u00e3o entre os [&hellip;]<\/p>\n","protected":false},"author":2,"featured_media":8974,"comment_status":"open","ping_status":"open","sticky":false,"template":"","format":"standard","meta":[],"categories":[3],"tags":[],"_links":{"self":[{"href":"https:\/\/dgospel.com.br\/portal\/index.php\/wp-json\/wp\/v2\/posts\/8973"}],"collection":[{"href":"https:\/\/dgospel.com.br\/portal\/index.php\/wp-json\/wp\/v2\/posts"}],"about":[{"href":"https:\/\/dgospel.com.br\/portal\/index.php\/wp-json\/wp\/v2\/types\/post"}],"author":[{"embeddable":true,"href":"https:\/\/dgospel.com.br\/portal\/index.php\/wp-json\/wp\/v2\/users\/2"}],"replies":[{"embeddable":true,"href":"https:\/\/dgospel.com.br\/portal\/index.php\/wp-json\/wp\/v2\/comments?post=8973"}],"version-history":[{"count":1,"href":"https:\/\/dgospel.com.br\/portal\/index.php\/wp-json\/wp\/v2\/posts\/8973\/revisions"}],"predecessor-version":[{"id":8975,"href":"https:\/\/dgospel.com.br\/portal\/index.php\/wp-json\/wp\/v2\/posts\/8973\/revisions\/8975"}],"wp:featuredmedia":[{"embeddable":true,"href":"https:\/\/dgospel.com.br\/portal\/index.php\/wp-json\/wp\/v2\/media\/8974"}],"wp:attachment":[{"href":"https:\/\/dgospel.com.br\/portal\/index.php\/wp-json\/wp\/v2\/media?parent=8973"}],"wp:term":[{"taxonomy":"category","embeddable":true,"href":"https:\/\/dgospel.com.br\/portal\/index.php\/wp-json\/wp\/v2\/categories?post=8973"},{"taxonomy":"post_tag","embeddable":true,"href":"https:\/\/dgospel.com.br\/portal\/index.php\/wp-json\/wp\/v2\/tags?post=8973"}],"curies":[{"name":"wp","href":"https:\/\/api.w.org\/{rel}","templated":true}]}}