{"id":8979,"date":"2021-07-26T12:40:51","date_gmt":"2021-07-26T15:40:51","guid":{"rendered":"http:\/\/dgospel.com.br\/portal\/?p=8979"},"modified":"2021-07-26T12:40:54","modified_gmt":"2021-07-26T15:40:54","slug":"policia-militar-do-tocantins-divulga-balanco-positivo-da-operacao-ferias","status":"publish","type":"post","link":"https:\/\/dgospel.com.br\/portal\/index.php\/2021\/07\/26\/policia-militar-do-tocantins-divulga-balanco-positivo-da-operacao-ferias\/","title":{"rendered":"Pol\u00edcia Militar do Tocantins divulga balan\u00e7o positivo da Opera\u00e7\u00e3o F\u00e9rias"},"content":{"rendered":"\n<p>A For\u00e7a-Tarefa da Opera\u00e7\u00e3o Covid-19 \u2013 Toler\u00e2ncia Zero e Opera\u00e7\u00e3o F\u00e9rias, realizada pela Pol\u00edcia Militar do Tocantins (PM), operou com mais um fim de semana tranquilo, fiscalizando e refor\u00e7ando a seguran\u00e7a nas rodovias e principais pontos de movimenta\u00e7\u00e3o, como resultado da a\u00e7\u00e3o estrat\u00e9gica do Governo do Tocantins em manter os protocolos de enfrentamento da pandemia causada pela Covid-19, e tamb\u00e9m garantir a seguran\u00e7a durante o per\u00edodo de f\u00e9rias. A a\u00e7\u00e3o realizada entre os dias 23 e 25 de julho teve como objetivo cumprir o Decreto &nbsp;n\u00ba 6.230 com base na preven\u00e7\u00e3o e condutas para o enfretamento da pandemia.<\/p>\n\n\n\n<p>De acordo com o balan\u00e7o divulgado nesta segunda-feira, 26,&nbsp;pela Pol\u00edcia Militar, foram realizadas 642 abordagens a ve\u00edculos; 1667 pessoas abordadas; 180 aglomera\u00e7\u00f5es dissipadas; 311 locais vistoriados e 18 autuados por descumprimento de medidas preventivas. A For\u00e7a-Tarefa ainda registrou 67 infra\u00e7\u00f5es de tr\u00e2nsito e a remo\u00e7\u00e3o de nove ve\u00edculos.<\/p>\n\n\n\n<p>Neste final de semana, a PM registrou tamb\u00e9m uma pris\u00e3o por tr\u00e1fico interestadual de drogas, recupera\u00e7\u00e3o de ve\u00edculos com registro de furto\/roubo, apreens\u00f5es por porte ilegal de arma de fogo, e cumprimento de mandado de pris\u00e3o.<\/p>\n\n\n\n<p><strong>Tr\u00e1fico interestadual de drogas<\/strong><\/p>\n\n\n\n<p>Um homem de 51 anos foi preso pela Pol\u00edcia Militar na tarde desse s\u00e1bado, 24, suspeito de tr\u00e1fico de drogas no Setor Santa Rita, munic\u00edpio de Axix\u00e1. O homem foi monitorado por equipes do 9\u00ba Batalh\u00e3o da PM, que conseguiram intercept\u00e1-lo no transporte p\u00fablico no momento em que chegava da cidade de Imperatriz-MA, com a droga que seria vendida no munic\u00edpio de Axix\u00e1 e regi\u00e3o. Em poder do traficante os policiais apreenderam por\u00e7\u00f5es de subst\u00e2ncia an\u00e1loga \u00e0 maconha, aparelho celular e dinheiro em esp\u00e9cie. O suspeito e todo material apreendido foram encaminhados \u00e0 Delegacia de Pol\u00edcia Civil para as provid\u00eancias legais cab\u00edveis.<\/p>\n\n\n\n<p><strong>Tr\u00e1fico de drogas, apreens\u00e3o de arma de fogo e outros materiais<\/strong><\/p>\n\n\n\n<p>Ainda nesse s\u00e1bado, 24, por volta de 16h30, na cidade de Guara\u00ed, a PM prendeu um homem de 20 anos, envolvido com o tr\u00e1fico de entorpecentes e posse irregular de arma de fogo. Com o indiv\u00edduo os policiais apreenderam uma pistola modelo FT, calibre 380, com dois carregadores e 15 muni\u00e7\u00f5es ainda n\u00e3o utilizadas. J\u00e1 na resid\u00eancia indicada pelo suspeito, foram encontrados ainda cinco celulares, dois rel\u00f3gios, uma m\u00e1quina de passar cart\u00e3o, a quantia de R$ 1.056,00 em dinheiro e R$ 111,40 em moedas, al\u00e9m de produtos entorpecentes, sendo 56 gramas de subst\u00e2ncia semelhante ao crack; 0,6 gramas de subst\u00e2ncia an\u00e1loga \u00e0 coca\u00edna; e 2,4 gramas de subst\u00e2ncia assemelhada \u00e0 maconha.<\/p>\n\n\n\n<p>Neste domingo, 25, por volta de 04h, ainda em Guara\u00ed, dois menores infratores de 17 anos foram apreendidos tamb\u00e9m por envolvimento com tr\u00e1fico de entorpecentes. Em poder da dupla os policiais apreenderam um rev\u00f3lver Taurus calibre 38, com cinco muni\u00e7\u00f5es intactas, e que apresentava numera\u00e7\u00e3o raspada; uma uma motocicleta Honda\/CG 150, cor vermelha, produto de roubo; tr\u00eas muni\u00e7\u00f5es intactas; uma mochila contendo tr\u00eas celulares e pequenas por\u00e7\u00f5es de crack e maconha. Em uma resid\u00eancia indicada pelos infratores os policiais apreenderam ainda 3,7 kg de subst\u00e2ncia semelhante \u00e0 maconha e 464 gramas de subst\u00e2ncia an\u00e1loga ao crack. No local tamb\u00e9m foram apreendidos dois rel\u00f3gios de pulso, bijuterias, uma faca, 22 muni\u00e7\u00f5es, cinco celulares, uma balan\u00e7a para pesagem da droga e uma m\u00e1quina de passar cart\u00e3o, al\u00e9m de uma quantia de R$ 2.063,50 em dinheiro e m\u00e1scaras para a pr\u00e1tica de crimes. O material apreendido foi encaminhado \u00e0 delegacia, onde os infratores responder\u00e3o por ato infracional equiparado aos crimes de posse irregular de arma de fogo e tr\u00e1fico de drogas.<\/p>\n\n\n\n<p><strong>Ve\u00edculo recuperado<\/strong><\/p>\n\n\n\n<p>Na manh\u00e3 de s\u00e1bado, 24, por volta das 9 horas, na Rodovia TO-430, entrada da cidade de Juarina, uma equipe do Grupo de Interven\u00e7\u00e3o R\u00e1pida Ostensiva (Giro), pertencente ao Batalh\u00e3o de Pol\u00edcia Militar de Choque (BPCHOQUE), prendeu um indiv\u00edduo e apreendeu uma motocicleta Honda\/XRE 300, que estava com os sinais identificadores adulterados. O ve\u00edculo e o condutor foram encaminhados \u00e0 Delegacia de Pol\u00edcia para os procedimentos cab\u00edveis.<\/p>\n\n\n\n<p><strong>Mandado de Pris\u00e3o<\/strong><\/p>\n\n\n\n<p>Na sexta-feira, 23, por volta das 11 horas, na cidade de Palmas, um indiv\u00edduo foi preso pela Pol\u00edcia Militar no Setor Sul, por estar com mandado de pris\u00e3o em aberto, pelas pr\u00e1ticas dos crimes de furto, roubo e recepta\u00e7\u00e3o. O foragido da justi\u00e7a foi capturado e foi conduzido at\u00e9 a 2\u00b0 Central de Atendimento da Pol\u00edcia Civil (CAPC), onde foi preso e ficar\u00e1 \u00e0 disposi\u00e7\u00e3o da justi\u00e7a. A a\u00e7\u00e3o foi realizada pela equipe de Intelig\u00eancia do 6\u00ba Batalh\u00e3o da PM, com apoio de viaturas do servi\u00e7o operacional da Unidade.<\/p>\n\n\n\n<p><strong>Porte Ilegal de arma de fogo<\/strong><\/p>\n\n\n\n<p>Entre bloqueio e abordagem policial na Rodovia TO-080, KM 88, nesse domingo, 25, a equipe em servi\u00e7o do Batalh\u00e3o de Pol\u00edcia Militar Rodovi\u00e1rio e de Divisas (BPMRED) apreendeu uma espingarda calibre 22 com 50 muni\u00e7\u00f5es intactas, durante abordagem ao uma camionete L200, de cor vermelha. O condutor do ve\u00edculo e o material apreendido foram encaminhados \u00e0 Delegacia de Pol\u00edcia Civil de Para\u00edso do Tocantins para os procedimentos legais cab\u00edveis.<\/p>\n\n\n\n<p><strong>Opera\u00e7\u00e3o Integrada<\/strong><\/p>\n\n\n\n<p>A Opera\u00e7\u00e3o Integrada \u00e9 a uni\u00e3o da Pol\u00edcia Militar com as demais for\u00e7as de seguran\u00e7a e \u00f3rg\u00e3os fiscalizadores, para que, de forma educativa e preventiva, ajudem na preserva\u00e7\u00e3o da ordem diante do atual cen\u00e1rio pand\u00eamico.<\/p>\n\n\n\n<p>A Pol\u00edcia Militar est\u00e1 empregando todo seu efetivo administrativo e operacional nesta a\u00e7\u00e3o que tem como objetivo a preserva\u00e7\u00e3o da sa\u00fade, prote\u00e7\u00e3o da vida e a n\u00e3o propaga\u00e7\u00e3o da Covid-19.<\/p>\n\n\n\n<figure class=\"wp-block-image\"><img src=\"https:\/\/central.to.gov.br\/image\/253010?w=565&amp;h=349\" alt=\"\"\/><\/figure>\n\n\n\n<p>Arma apreendida pela PM durante abordagem na Rodovia TO-080 &#8211; PM\/Governo do Tocantins<\/p>\n\n\n\n<figure class=\"wp-block-image\"><img src=\"https:\/\/central.to.gov.br\/image\/253007?w=565&amp;h=349\" alt=\"\"\/><\/figure>\n\n\n\n<p>A\u00e7\u00f5es ocorrem de forma integrada com demais \u00f3rg\u00e3os &#8211; PM\/Governo do Tocantins<\/p>\n\n\n\n<figure class=\"wp-block-image\"><img src=\"https:\/\/central.to.gov.br\/image\/253008?w=565&amp;h=349\" alt=\"\"\/><\/figure>\n\n\n\n<p>Material apreendido pela PM em Guara\u00ed &#8211; PM\/Governo do Tocantins<\/p>\n\n\n\n<figure class=\"wp-block-image\"><img src=\"https:\/\/central.to.gov.br\/image\/253006?w=565&amp;h=349\" alt=\"\"\/><\/figure>\n\n\n\n<p>Abordagem realizada pela PM durante a Opera\u00e7\u00e3o &#8211; PM\/Governo do Tocantins\n\n<\/p>\n","protected":false},"excerpt":{"rendered":"<p>A For\u00e7a-Tarefa da Opera\u00e7\u00e3o Covid-19 \u2013 Toler\u00e2ncia Zero e Opera\u00e7\u00e3o F\u00e9rias, realizada pela Pol\u00edcia Militar do Tocantins (PM), operou com mais um fim de semana tranquilo, fiscalizando e refor\u00e7ando a seguran\u00e7a nas rodovias e principais pontos de movimenta\u00e7\u00e3o, como resultado da a\u00e7\u00e3o estrat\u00e9gica do Governo do Tocantins em manter os protocolos de enfrentamento da pandemia [&hellip;]<\/p>\n","protected":false},"author":2,"featured_media":8980,"comment_status":"open","ping_status":"open","sticky":false,"template":"","format":"standard","meta":[],"categories":[3],"tags":[13],"_links":{"self":[{"href":"https:\/\/dgospel.com.br\/portal\/index.php\/wp-json\/wp\/v2\/posts\/8979"}],"collection":[{"href":"https:\/\/dgospel.com.br\/portal\/index.php\/wp-json\/wp\/v2\/posts"}],"about":[{"href":"https:\/\/dgospel.com.br\/portal\/index.php\/wp-json\/wp\/v2\/types\/post"}],"author":[{"embeddable":true,"href":"https:\/\/dgospel.com.br\/portal\/index.php\/wp-json\/wp\/v2\/users\/2"}],"replies":[{"embeddable":true,"href":"https:\/\/dgospel.com.br\/portal\/index.php\/wp-json\/wp\/v2\/comments?post=8979"}],"version-history":[{"count":1,"href":"https:\/\/dgospel.com.br\/portal\/index.php\/wp-json\/wp\/v2\/posts\/8979\/revisions"}],"predecessor-version":[{"id":8981,"href":"https:\/\/dgospel.com.br\/portal\/index.php\/wp-json\/wp\/v2\/posts\/8979\/revisions\/8981"}],"wp:featuredmedia":[{"embeddable":true,"href":"https:\/\/dgospel.com.br\/portal\/index.php\/wp-json\/wp\/v2\/media\/8980"}],"wp:attachment":[{"href":"https:\/\/dgospel.com.br\/portal\/index.php\/wp-json\/wp\/v2\/media?parent=8979"}],"wp:term":[{"taxonomy":"category","embeddable":true,"href":"https:\/\/dgospel.com.br\/portal\/index.php\/wp-json\/wp\/v2\/categories?post=8979"},{"taxonomy":"post_tag","embeddable":true,"href":"https:\/\/dgospel.com.br\/portal\/index.php\/wp-json\/wp\/v2\/tags?post=8979"}],"curies":[{"name":"wp","href":"https:\/\/api.w.org\/{rel}","templated":true}]}}