{"id":8982,"date":"2021-07-26T12:43:24","date_gmt":"2021-07-26T15:43:24","guid":{"rendered":"http:\/\/dgospel.com.br\/portal\/?p=8982"},"modified":"2021-07-26T12:43:27","modified_gmt":"2021-07-26T15:43:27","slug":"servidores-do-sistema-penal-se-voluntariam-para-ministrar-aulas-as-pessoas-privadas-de-liberdade","status":"publish","type":"post","link":"https:\/\/dgospel.com.br\/portal\/index.php\/2021\/07\/26\/servidores-do-sistema-penal-se-voluntariam-para-ministrar-aulas-as-pessoas-privadas-de-liberdade\/","title":{"rendered":"Servidores do Sistema Penal se voluntariam para ministrar aulas \u00e0s pessoas privadas de liberdade"},"content":{"rendered":"\n<p>Com foco na capacita\u00e7\u00e3o e no aprendizado \u00e0s pessoas em situa\u00e7\u00e3o privativa de liberdade, servidores do Sistema Penal se uniram em prol de ensinar t\u00e9cnicas aos custodiados da Unidade de Tratamento Penal Barra da Grota (UTPBG), em Aragua\u00edna. A inten\u00e7\u00e3o surgiu a partir da abertura do curso de&nbsp;<a href=\"https:\/\/www.to.gov.br\/cidadaniaejustica\/noticias\/pessoas-privadas-de-liberdade-iniciam-curso-de-restauracao-automotiva-na-unidade-penal-de-barra-da-grota\/4rdqgc27b99j\">Restaura\u00e7\u00e3o Automotiva<\/a>&nbsp;que teve in\u00edcio no dia 13 do m\u00eas de julho.<\/p>\n\n\n\n<p>A gerente de Reintegra\u00e7\u00e3o Social, Trabalho e Renda ao Preso e ao Egresso da Seciju, Renata Duarte, fala o qu\u00e3o \u00e9 importante para a execu\u00e7\u00e3o da pena que os servidores se disponham a dividir esses conhecimentos. \u201cSomos muito gratos aos nossos policiais penais e tamb\u00e9m aos prestadores de servi\u00e7o que dividem seus talentos e conhecimentos alinhadas \u00e0s a\u00e7\u00f5es da nossa ger\u00eancia. Esse tipo de atitude transforma o per\u00edodo de encarceramento\u201d, afirmou.<\/p>\n\n\n\n<p>O policial penal lotado na Unidade de Dian\u00f3polis, Tarc\u00edsio Alves de Sousa, se voluntariou para ministrar aulas no Curso Restaura\u00e7\u00e3o Automotiva no Barra da Grota sobre Est\u00e9tica Automotiva B\u00e1sica e Polimento T\u00e9cnico. \u201cSou formado em est\u00e9tica automotiva pelo Instituto ITP de S\u00e3o Paulo e em Polimento Avan\u00e7ado pela Universidade do Carro e foi muito bom poder multiplicar conhecimento, foi uma oportunidade de contribuir efetivamente com o processo de ressocializa\u00e7\u00e3o dos custodiados.<\/p>\n\n\n\n<p>Todos os alunos se mostraram muito interessados em aprender, esfor\u00e7aram-se e colaboraram para que todo o conte\u00fado proposto fosse de fato ministrado, foi um momento excelente, de engrandecimento pessoal e profissional. Espero contribuir outras vezes&#8221;, vislumbrou.<\/p>\n\n\n\n<p>J\u00e1 o chefe de da Unidade, Paulo Freitas, que tem a expertise de gest\u00e3o e administra\u00e7\u00e3o de neg\u00f3cios e j\u00e1 foi empres\u00e1rio no setor de materiais de constru\u00e7\u00e3o, ir\u00e1 ensinar sobre empreendedorismo, gest\u00e3o e finan\u00e7as. \u201c\u00c9 importante que eles saibam gerir o dinheiro que eles v\u00e3o ganhar quando retornarem para o mercado de trabalho, para que os neg\u00f3cios em qual empreenderem possam se manter e prosperar\u201d, afirmou.<\/p>\n\n\n\n<p>Paulo Freitas destacou tamb\u00e9m que a psic\u00f3loga da unidade, a agente analista em execu\u00e7\u00e3o penal Gezza Guerreira, ir\u00e1 ministrar aulas de intelig\u00eancia emocional. \u201c\u00c9 uma mat\u00e9ria muito importante. A servidora percebeu eu poderia ajudar e quis colaborar. Fa\u00e7o votos que esse bom exemplo seja sempre imitado por todos os servidores que tenham como colaborar\u201d, explicou.<\/p>\n\n\n\n<p>O custodiado H.P.M.R, agradeceu e falou sobre as aulas. \u201cQuero agradecer a toda a gest\u00e3o por esse aprendizado. Os servidores s\u00e3o muito capacitados. Tivemos uma aula de cristaliza\u00e7\u00e3o de ve\u00edculo e polimento. Todos n\u00f3s gostamos e aproveitamos bastante. Estamos empenhados e futuramente poderemos montar nosso pr\u00f3prio neg\u00f3cio\u201d, finalizou.<\/p>\n\n\n\n<figure class=\"wp-block-image\"><img src=\"https:\/\/central.to.gov.br\/image\/253018?w=565&amp;h=349\" alt=\"\"\/><\/figure>\n\n\n\n<p>Servidores se uniram para ensinar sobre empreendedorismo, intelig\u00eancia emocional e t\u00e9cnicas de polimento automotivo &#8211; Marcos Miranda\/Governo do Tocantins<a href=\"javascript:\"><em>keyboard_arrow_up<\/em><\/a><br><\/p>\n","protected":false},"excerpt":{"rendered":"<p>Com foco na capacita\u00e7\u00e3o e no aprendizado \u00e0s pessoas em situa\u00e7\u00e3o privativa de liberdade, servidores do Sistema Penal se uniram em prol de ensinar t\u00e9cnicas aos custodiados da Unidade de Tratamento Penal Barra da Grota (UTPBG), em Aragua\u00edna. A inten\u00e7\u00e3o surgiu a partir da abertura do curso de&nbsp;Restaura\u00e7\u00e3o Automotiva&nbsp;que teve in\u00edcio no dia 13 do [&hellip;]<\/p>\n","protected":false},"author":2,"featured_media":8983,"comment_status":"open","ping_status":"open","sticky":false,"template":"","format":"standard","meta":[],"categories":[3],"tags":[13],"_links":{"self":[{"href":"https:\/\/dgospel.com.br\/portal\/index.php\/wp-json\/wp\/v2\/posts\/8982"}],"collection":[{"href":"https:\/\/dgospel.com.br\/portal\/index.php\/wp-json\/wp\/v2\/posts"}],"about":[{"href":"https:\/\/dgospel.com.br\/portal\/index.php\/wp-json\/wp\/v2\/types\/post"}],"author":[{"embeddable":true,"href":"https:\/\/dgospel.com.br\/portal\/index.php\/wp-json\/wp\/v2\/users\/2"}],"replies":[{"embeddable":true,"href":"https:\/\/dgospel.com.br\/portal\/index.php\/wp-json\/wp\/v2\/comments?post=8982"}],"version-history":[{"count":1,"href":"https:\/\/dgospel.com.br\/portal\/index.php\/wp-json\/wp\/v2\/posts\/8982\/revisions"}],"predecessor-version":[{"id":8984,"href":"https:\/\/dgospel.com.br\/portal\/index.php\/wp-json\/wp\/v2\/posts\/8982\/revisions\/8984"}],"wp:featuredmedia":[{"embeddable":true,"href":"https:\/\/dgospel.com.br\/portal\/index.php\/wp-json\/wp\/v2\/media\/8983"}],"wp:attachment":[{"href":"https:\/\/dgospel.com.br\/portal\/index.php\/wp-json\/wp\/v2\/media?parent=8982"}],"wp:term":[{"taxonomy":"category","embeddable":true,"href":"https:\/\/dgospel.com.br\/portal\/index.php\/wp-json\/wp\/v2\/categories?post=8982"},{"taxonomy":"post_tag","embeddable":true,"href":"https:\/\/dgospel.com.br\/portal\/index.php\/wp-json\/wp\/v2\/tags?post=8982"}],"curies":[{"name":"wp","href":"https:\/\/api.w.org\/{rel}","templated":true}]}}