{"id":8985,"date":"2021-07-27T17:09:14","date_gmt":"2021-07-27T20:09:14","guid":{"rendered":"http:\/\/dgospel.com.br\/portal\/?p=8985"},"modified":"2021-07-27T17:09:16","modified_gmt":"2021-07-27T20:09:16","slug":"governo-do-tocantins-inicia-aplicacao-de-capa-asfaltica-em-rodovia-de-acesso-ao-jalapao","status":"publish","type":"post","link":"https:\/\/dgospel.com.br\/portal\/index.php\/2021\/07\/27\/governo-do-tocantins-inicia-aplicacao-de-capa-asfaltica-em-rodovia-de-acesso-ao-jalapao\/","title":{"rendered":"Governo do Tocantins inicia aplica\u00e7\u00e3o de capa asf\u00e1ltica em rodovia de acesso ao Jalap\u00e3o"},"content":{"rendered":"\n<p>O Governo do Tocantins, por meio da Ag\u00eancia Tocantinense de Transportes e Obras (Ageto), iniciou a aplica\u00e7\u00e3o da capa asf\u00e1ltica no trecho da TO-247, entre Lagoa do Tocantins e S\u00e3o F\u00e9lix.<\/p>\n\n\n\n<p>A rodovia, que dar\u00e1 acesso ao Jalap\u00e3o, est\u00e1 recebendo obras de drenagem e pavimenta\u00e7\u00e3o e, nesta semana, come\u00e7ou a ser realizado o processo conhecido como<em>&nbsp;imprimi\u00e7\u00e3o<\/em>, ou seja, a aplica\u00e7\u00e3o da primeira capa de material asf\u00e1ltico respons\u00e1vel por realizar a impermeabiliza\u00e7\u00e3o do segmento.<\/p>\n\n\n\n<p>A popula\u00e7\u00e3o da regi\u00e3o tem comemorado a chegada do asfalto. O agricultor familiar Edson Cerqueira Dias, conhecido como Riquinho, morador do Jalap\u00e3o desde 1963, destacou que a rodovia vai tirar a popula\u00e7\u00e3o do isolamento. \u201cO povo aqui \u00e9 isolado e muito carente. Com o asfalto, acredito que essa regi\u00e3o v\u00e1 desenvolver, porque a gente vai poder levar nossas coisas pra vender com mais facilidade na cidade\u201d, frisa.<\/p>\n\n\n\n<p>A Ordem de Servi\u00e7o da obra foi efetivada no final de maio. Os trabalhos ocorrem de maneira acelerada. De acordo com a secret\u00e1ria de Estado da Infraestrutura e presidente da Ageto, Juliana Passarin, duas frentes de servi\u00e7o atuam no trecho. \u201cEstamos trabalhando com celeridade para garantir o cumprimento do cronograma pr\u00e9-estabelecido para a obra\u201d, explica.<\/p>\n\n\n\n<p>Esta primeira etapa de pavimenta\u00e7\u00e3o beneficiar\u00e1 50 km da rodovia. Com a conclus\u00e3o das obras, a TO-247 ser\u00e1 mais uma op\u00e7\u00e3o de acesso aos atrativos do Jalap\u00e3o, al\u00e9m das rodovias TO-030, TO-110 e TO-255. O acesso \u00e0 rodovia \u00e9 feito pelo munic\u00edpio de Santa Tereza do Tocantins, de l\u00e1 at\u00e9 Lagoa do Tocantins a pista j\u00e1 \u00e9 pavimentada.<\/p>\n\n\n\n<p>A rota para o Jalap\u00e3o por esse caminho, depois de pavimentado, deve facilitar o acesso e encurtar o tempo de viagem para turistas e moradores da regi\u00e3o. \u201cA rodovia trar\u00e1 muitos benef\u00edcios para o turismo, mas tamb\u00e9m dar\u00e1 acesso a popula\u00e7\u00e3o da regi\u00e3o que sair\u00e1 do isolamento e ter\u00e1 acesso f\u00e1cil aos servi\u00e7os p\u00fablicos\u201d, destaca a secret\u00e1ria.<\/p>\n\n\n\n<figure class=\"wp-block-image\"><img src=\"https:\/\/central.to.gov.br\/image\/253189?w=565&amp;h=349\" alt=\"\"\/><\/figure>\n\n\n\n<p>Trecho pavimentado ter\u00e1 50 km de extens\u00e3o &#8211; Infraestrutura\/Governo do Tocantins <a href=\"javascript:\"><em>keyboard_arrow_up<\/em><\/a><br><\/p>\n","protected":false},"excerpt":{"rendered":"<p>O Governo do Tocantins, por meio da Ag\u00eancia Tocantinense de Transportes e Obras (Ageto), iniciou a aplica\u00e7\u00e3o da capa asf\u00e1ltica no trecho da TO-247, entre Lagoa do Tocantins e S\u00e3o F\u00e9lix. A rodovia, que dar\u00e1 acesso ao Jalap\u00e3o, est\u00e1 recebendo obras de drenagem e pavimenta\u00e7\u00e3o e, nesta semana, come\u00e7ou a ser realizado o processo conhecido [&hellip;]<\/p>\n","protected":false},"author":2,"featured_media":8986,"comment_status":"open","ping_status":"open","sticky":false,"template":"","format":"standard","meta":[],"categories":[3],"tags":[13],"_links":{"self":[{"href":"https:\/\/dgospel.com.br\/portal\/index.php\/wp-json\/wp\/v2\/posts\/8985"}],"collection":[{"href":"https:\/\/dgospel.com.br\/portal\/index.php\/wp-json\/wp\/v2\/posts"}],"about":[{"href":"https:\/\/dgospel.com.br\/portal\/index.php\/wp-json\/wp\/v2\/types\/post"}],"author":[{"embeddable":true,"href":"https:\/\/dgospel.com.br\/portal\/index.php\/wp-json\/wp\/v2\/users\/2"}],"replies":[{"embeddable":true,"href":"https:\/\/dgospel.com.br\/portal\/index.php\/wp-json\/wp\/v2\/comments?post=8985"}],"version-history":[{"count":1,"href":"https:\/\/dgospel.com.br\/portal\/index.php\/wp-json\/wp\/v2\/posts\/8985\/revisions"}],"predecessor-version":[{"id":8987,"href":"https:\/\/dgospel.com.br\/portal\/index.php\/wp-json\/wp\/v2\/posts\/8985\/revisions\/8987"}],"wp:featuredmedia":[{"embeddable":true,"href":"https:\/\/dgospel.com.br\/portal\/index.php\/wp-json\/wp\/v2\/media\/8986"}],"wp:attachment":[{"href":"https:\/\/dgospel.com.br\/portal\/index.php\/wp-json\/wp\/v2\/media?parent=8985"}],"wp:term":[{"taxonomy":"category","embeddable":true,"href":"https:\/\/dgospel.com.br\/portal\/index.php\/wp-json\/wp\/v2\/categories?post=8985"},{"taxonomy":"post_tag","embeddable":true,"href":"https:\/\/dgospel.com.br\/portal\/index.php\/wp-json\/wp\/v2\/tags?post=8985"}],"curies":[{"name":"wp","href":"https:\/\/api.w.org\/{rel}","templated":true}]}}