{"id":8999,"date":"2021-07-30T10:52:17","date_gmt":"2021-07-30T13:52:17","guid":{"rendered":"http:\/\/dgospel.com.br\/portal\/?p=8999"},"modified":"2021-07-30T10:52:18","modified_gmt":"2021-07-30T13:52:18","slug":"corpo-de-bombeiros-comecam-a-formacao-de-80-brigadistas-para-o-combate-de-queimadas-ilegais-no-tocantins","status":"publish","type":"post","link":"https:\/\/dgospel.com.br\/portal\/index.php\/2021\/07\/30\/corpo-de-bombeiros-comecam-a-formacao-de-80-brigadistas-para-o-combate-de-queimadas-ilegais-no-tocantins\/","title":{"rendered":"Corpo de Bombeiros come\u00e7am a forma\u00e7\u00e3o de 80 brigadistas para o combate de queimadas ilegais no Tocantins"},"content":{"rendered":"\n<p>Os 80 brigadistas que v\u00e3o atuar no combate \u00e0s queimadas ilegais e inc\u00eandios florestais no Tocantins, come\u00e7aram a participar nesta quinta-feira, 29, do Curso de Forma\u00e7\u00e3o promovido pelo Corpo de Bombeiros Militar do Tocantins (CBMTO). Os combatentes do fogo foram selecionados ap\u00f3s aprova\u00e7\u00e3o no teste de aptid\u00e3o f\u00edsica realizada no in\u00edcio desta semana.<\/p>\n\n\n\n<p>\u201cTrata-se de um refor\u00e7o importante, dado ao fato de ter uma cultura de queimadas [no Tocantins]. [Das] pessoas utilizarem fogo para eliminar a vegeta\u00e7\u00e3o. Isso tem prejudicado o meio ambiente, trazido preju\u00edzos e grande demanda para o Corpo de Bombeiros Militar\u201d, explicou o major Nilton Rodrigues dos Santos, diretor de Ensino e Pesquisa da corpora\u00e7\u00e3o.<\/p>\n\n\n\n<p>Os brigadistas v\u00e3o atuar somente no combate \u00e0s queimadas ilegais e inc\u00eandios florestais. Cada grupo de cinco pessoas vai cumprir uma escala de trabalho, permanecendo nos Batalh\u00f5es e nas Companhias de Bombeiros. \u201cEles chegam num momento importante, devido termos iniciado nossos trabalhos nos combates. E de agora para frente, devido \u00e0 baixa umidade e a alta temperatura, vegeta\u00e7\u00e3o muito seca e os fortes ventos, isso propicia a propaga\u00e7\u00e3o dos inc\u00eandios florestais\u201d, completou o major.<\/p>\n\n\n\n<p>A import\u00e2ncia da chegada do grupo foi tamb\u00e9m foi destacada pela tenente-coronel Andreya de F\u00e1tima Bueno, comandante do 1\u00ba Batalh\u00e3o, que classifica as queimadas urbanas e florestais ilegais como o maior desastre no Tocantins. \u201cN\u00f3s nos sentimos, de certa forma, impotentes e incapazes de atender todas as ocorr\u00eancias que chegam. A inclus\u00e3o dos brigadistas n\u00e3o vai ser suficiente ainda, mas certamente alcan\u00e7aremos um maior n\u00famero de pessoas, de propriedade, de vida e meio ambiente\u201d, pontuou.<\/p>\n\n\n\n<p>Cada uma das oito unidades do Corpo de Bombeiros Militar \u00e9 a respons\u00e1vel pela forma\u00e7\u00e3o dos 10 brigadistas que v\u00e3o atuar na regi\u00e3o onde est\u00e1 instalada. Apenas Gurupi ainda n\u00e3o iniciou o curso, pois n\u00e3o houve quantidade de brigadistas suficiente para a forma\u00e7\u00e3o da Brigada, mas uma nova chamada ser\u00e1 feita para que o contingente seja completado.<\/p>\n\n\n\n<p>A sele\u00e7\u00e3o dos 80 brigadistas foi autorizada pelo governador Mauro Carlesse, por meio de recursos da Secretaria de Estado de Meio Ambiente e Recursos H\u00eddricos (Semarh).<\/p>\n\n\n\n<p>Os grupos s\u00e3o formados por homens e mulheres de todas as regi\u00f5es do Estado. Em Palmas, tr\u00eas ind\u00edgenas xerentes se classificaram para fazer parte da Brigada.<\/p>\n\n\n\n<p>O Curso de Forma\u00e7\u00e3o ser\u00e1 encerrado neste s\u00e1bado, 31, quando ser\u00e1 realizada a parte pr\u00e1tica para o combate, com abertura de aceiros secos, aceiros negros e uso de equipamentos como abafador, soprador e bomba costal, os principais itens a disposi\u00e7\u00e3o da Brigada. A expectativa \u00e9 que na pr\u00f3xima segunda-feira, 1\u00ba, os brigadistas j\u00e1 iniciem as escalas de trabalho sob a supervis\u00e3o das companhias do CBMTO.<\/p>\n\n\n\n<figure class=\"wp-block-image\"><img src=\"https:\/\/central.to.gov.br\/image\/253587?w=565&amp;h=349\" alt=\"\"\/><\/figure>\n\n\n\n<p>Brigadistas recebem aula de primeiros socorros no primeiro dia de curso &#8211; Luiz Henrique Machado\/Governo do Tocantins<\/p>\n\n\n\n<figure class=\"wp-block-image\"><img src=\"https:\/\/central.to.gov.br\/image\/253588?w=565&amp;h=349\" alt=\"\"\/><\/figure>\n\n\n\n<p>Para a tenente-coronel Andreya de F\u00e1tima Bueno, fogo \u00e9 o principal desastre do Tocantins &#8211; Luiz Henrique Machado\/Governo do Tocantins<\/p>\n\n\n\n<figure class=\"wp-block-image\"><img src=\"https:\/\/central.to.gov.br\/image\/253589?w=565&amp;h=349\" alt=\"\"\/><\/figure>\n\n\n\n<p>Major Nilton Rodrigues, diretor de Ensino e Pesquisa do CBMTO &#8211; Luiz Henrique Machado\/Governo do Tocantins\n\n<\/p>\n","protected":false},"excerpt":{"rendered":"<p>Os 80 brigadistas que v\u00e3o atuar no combate \u00e0s queimadas ilegais e inc\u00eandios florestais no Tocantins, come\u00e7aram a participar nesta quinta-feira, 29, do Curso de Forma\u00e7\u00e3o promovido pelo Corpo de Bombeiros Militar do Tocantins (CBMTO). Os combatentes do fogo foram selecionados ap\u00f3s aprova\u00e7\u00e3o no teste de aptid\u00e3o f\u00edsica realizada no in\u00edcio desta semana. \u201cTrata-se de [&hellip;]<\/p>\n","protected":false},"author":2,"featured_media":9000,"comment_status":"open","ping_status":"open","sticky":false,"template":"","format":"standard","meta":[],"categories":[3],"tags":[13],"_links":{"self":[{"href":"https:\/\/dgospel.com.br\/portal\/index.php\/wp-json\/wp\/v2\/posts\/8999"}],"collection":[{"href":"https:\/\/dgospel.com.br\/portal\/index.php\/wp-json\/wp\/v2\/posts"}],"about":[{"href":"https:\/\/dgospel.com.br\/portal\/index.php\/wp-json\/wp\/v2\/types\/post"}],"author":[{"embeddable":true,"href":"https:\/\/dgospel.com.br\/portal\/index.php\/wp-json\/wp\/v2\/users\/2"}],"replies":[{"embeddable":true,"href":"https:\/\/dgospel.com.br\/portal\/index.php\/wp-json\/wp\/v2\/comments?post=8999"}],"version-history":[{"count":1,"href":"https:\/\/dgospel.com.br\/portal\/index.php\/wp-json\/wp\/v2\/posts\/8999\/revisions"}],"predecessor-version":[{"id":9001,"href":"https:\/\/dgospel.com.br\/portal\/index.php\/wp-json\/wp\/v2\/posts\/8999\/revisions\/9001"}],"wp:featuredmedia":[{"embeddable":true,"href":"https:\/\/dgospel.com.br\/portal\/index.php\/wp-json\/wp\/v2\/media\/9000"}],"wp:attachment":[{"href":"https:\/\/dgospel.com.br\/portal\/index.php\/wp-json\/wp\/v2\/media?parent=8999"}],"wp:term":[{"taxonomy":"category","embeddable":true,"href":"https:\/\/dgospel.com.br\/portal\/index.php\/wp-json\/wp\/v2\/categories?post=8999"},{"taxonomy":"post_tag","embeddable":true,"href":"https:\/\/dgospel.com.br\/portal\/index.php\/wp-json\/wp\/v2\/tags?post=8999"}],"curies":[{"name":"wp","href":"https:\/\/api.w.org\/{rel}","templated":true}]}}