{"id":90,"date":"2018-05-11T09:22:15","date_gmt":"2018-05-11T12:22:15","guid":{"rendered":"http:\/\/dgospel.com.br\/portal\/?p=90"},"modified":"2018-05-11T09:22:15","modified_gmt":"2018-05-11T12:22:15","slug":"camara-de-palmas-realiza-audiencia-para-prestacao-de-contas-do-executivo","status":"publish","type":"post","link":"https:\/\/dgospel.com.br\/portal\/index.php\/2018\/05\/11\/camara-de-palmas-realiza-audiencia-para-prestacao-de-contas-do-executivo\/","title":{"rendered":"C\u00e2mara de Palmas realiza audi\u00eancia para presta\u00e7\u00e3o de contas do Executivo"},"content":{"rendered":"<p>A C\u00e2mara de Palmas realiza no dia 24 de maio, \u00e0s 15h30, audi\u00eancia p\u00fablica para apresenta\u00e7\u00e3o da Presta\u00e7\u00e3o de Contas da Prefeitura de Palmas relativa ao 1\u00ba quadrimestre de 2018, a avalia\u00e7\u00e3o do cumprimento das metas estabelecidas para o per\u00edodo requerido e as medidas que o Poder Executivo v\u00eam adotando frente aos resultados obtidos, em cumprimento \u00e0 Lei de Responsabilidade Fiscal \u2013 LRF.<\/p>\n<p>Foram convidados para o evento representantes do Poder Executivo, Judici\u00e1rio, \u00f3rg\u00e3os p\u00fablicos de controle, sociedade civil organizada e a comunidade interessada em conhecer sobre o assunto.<\/p>\n<p>&nbsp;<\/p>\n","protected":false},"excerpt":{"rendered":"<p>A C\u00e2mara de Palmas realiza no dia 24 de maio, \u00e0s 15h30, audi\u00eancia p\u00fablica para apresenta\u00e7\u00e3o da Presta\u00e7\u00e3o de Contas da Prefeitura de Palmas relativa ao 1\u00ba quadrimestre de 2018, a avalia\u00e7\u00e3o do cumprimento das metas estabelecidas para o per\u00edodo requerido e as medidas que o Poder Executivo v\u00eam adotando frente aos resultados obtidos, em [&hellip;]<\/p>\n","protected":false},"author":2,"featured_media":91,"comment_status":"open","ping_status":"open","sticky":false,"template":"","format":"standard","meta":[],"categories":[8],"tags":[],"_links":{"self":[{"href":"https:\/\/dgospel.com.br\/portal\/index.php\/wp-json\/wp\/v2\/posts\/90"}],"collection":[{"href":"https:\/\/dgospel.com.br\/portal\/index.php\/wp-json\/wp\/v2\/posts"}],"about":[{"href":"https:\/\/dgospel.com.br\/portal\/index.php\/wp-json\/wp\/v2\/types\/post"}],"author":[{"embeddable":true,"href":"https:\/\/dgospel.com.br\/portal\/index.php\/wp-json\/wp\/v2\/users\/2"}],"replies":[{"embeddable":true,"href":"https:\/\/dgospel.com.br\/portal\/index.php\/wp-json\/wp\/v2\/comments?post=90"}],"version-history":[{"count":1,"href":"https:\/\/dgospel.com.br\/portal\/index.php\/wp-json\/wp\/v2\/posts\/90\/revisions"}],"predecessor-version":[{"id":92,"href":"https:\/\/dgospel.com.br\/portal\/index.php\/wp-json\/wp\/v2\/posts\/90\/revisions\/92"}],"wp:featuredmedia":[{"embeddable":true,"href":"https:\/\/dgospel.com.br\/portal\/index.php\/wp-json\/wp\/v2\/media\/91"}],"wp:attachment":[{"href":"https:\/\/dgospel.com.br\/portal\/index.php\/wp-json\/wp\/v2\/media?parent=90"}],"wp:term":[{"taxonomy":"category","embeddable":true,"href":"https:\/\/dgospel.com.br\/portal\/index.php\/wp-json\/wp\/v2\/categories?post=90"},{"taxonomy":"post_tag","embeddable":true,"href":"https:\/\/dgospel.com.br\/portal\/index.php\/wp-json\/wp\/v2\/tags?post=90"}],"curies":[{"name":"wp","href":"https:\/\/api.w.org\/{rel}","templated":true}]}}