{"id":9002,"date":"2021-07-30T10:54:02","date_gmt":"2021-07-30T13:54:02","guid":{"rendered":"http:\/\/dgospel.com.br\/portal\/?p=9002"},"modified":"2021-07-30T10:54:04","modified_gmt":"2021-07-30T13:54:04","slug":"tocantins-esta-entre-os-cinco-estados-que-mais-empregaram-no-pais-em-2021","status":"publish","type":"post","link":"https:\/\/dgospel.com.br\/portal\/index.php\/2021\/07\/30\/tocantins-esta-entre-os-cinco-estados-que-mais-empregaram-no-pais-em-2021\/","title":{"rendered":"Tocantins est\u00e1 entre os cinco estados que mais empregaram no pa\u00eds em 2021"},"content":{"rendered":"\n<p>Dados divulgados pelo Cadastro Geral de Empregados e Desempregados (CAGED), do mercado formal, referentes ao per\u00edodo de janeiro a junho de 2021, demonstram que o Tocantins manteve os bons n\u00fameros dos \u00faltimos meses e segue como um dos estados que mais abriu postos de trabalho, figurando na quinta coloca\u00e7\u00e3o entre os estados brasileiros, com um crescimento de 5,49%.<\/p>\n\n\n\n<p>O ranking \u00e9 liderado pelo estado de Mato Grosso com 6,73%; em segundo lugar est\u00e1 Goi\u00e1s com 6,24%; na terceira posi\u00e7\u00e3o est\u00e1 Santa Catarina com 5,84% e na quarta coloca\u00e7\u00e3o est\u00e1 o Acre com um crescimento acumulado de 5,68%.<\/p>\n\n\n\n<p>De janeiro a junho deste ano, foram contratadas 43.109 pessoas e desligadas 32.964, o que gerou um saldo positivo de 10.145 novas vagas de emprego. O que representa, em n\u00fameros percentuais, crescimento de 5,49% no acumulado do ano.<\/p>\n\n\n\n<p>Com base nestes dados e tendo em vista o cen\u00e1rio atual, \u00e9 poss\u00edvel confirmar os resultados obtidos pelas a\u00e7\u00f5es desenvolvidas pelo Governo do Tocantins, que, por meio da Secretaria da Ind\u00fastria, Com\u00e9rcio e Servi\u00e7os (Sics), busca por novos investidores e mant\u00e9m as empresas que j\u00e1 se encontram em atividade no Estado. Isso significa o aumento de novas oportunidades de trabalho e renda para a popula\u00e7\u00e3o.<\/p>\n\n\n\n<p>S\u00f3 nos primeiros seis meses deste ano, foram aprovadas 20 concess\u00f5es de incentivos fiscais para empresas de diversos setores produtivos do Estado, por meio do Conselho Estadual de Desenvolvimento Econ\u00f4mico do Tocantins (CDE-TO). A proje\u00e7\u00e3o \u00e9 de que essas benefici\u00e1rias gerem cerca de 551 novas vagas de emprego.<\/p>\n\n\n\n<p>Para o titular da Sics e presidente da Ag\u00eancia de Minera\u00e7\u00e3o do Estado do Tocantins (TO Min\u00e9rios), Tom Lyra, os bons n\u00fameros s\u00e3o reflexo das medidas adotadas pelo governador Mauro Carlesse, que busca trabalhar lado a lado com o setor empresarial para a retomada da economia tocantinense.<\/p>\n\n\n\n<p>\u201cSeguindo as diretrizes de Mauro Carlesse, n\u00f3s, da Ind\u00fastria e Com\u00e9rcio, temos atuado junto aos empres\u00e1rios, com foco no fortalecimento dos setores produtivos do Estado. Entre as medidas adotadas, est\u00e1 o incentivo para que eles busquem os benef\u00edcios fiscais que s\u00e3o disponibilizados pelo Estado, e que podem contribuir para dar mais competitividade aos seus neg\u00f3cios, e, dessa forma, contribuir para que o Tocantins continue economicamente pujante\u201d, finalizou.<br><\/p>\n","protected":false},"excerpt":{"rendered":"<p>Dados divulgados pelo Cadastro Geral de Empregados e Desempregados (CAGED), do mercado formal, referentes ao per\u00edodo de janeiro a junho de 2021, demonstram que o Tocantins manteve os bons n\u00fameros dos \u00faltimos meses e segue como um dos estados que mais abriu postos de trabalho, figurando na quinta coloca\u00e7\u00e3o entre os estados brasileiros, com um [&hellip;]<\/p>\n","protected":false},"author":2,"featured_media":9003,"comment_status":"open","ping_status":"open","sticky":false,"template":"","format":"standard","meta":[],"categories":[3],"tags":[13],"_links":{"self":[{"href":"https:\/\/dgospel.com.br\/portal\/index.php\/wp-json\/wp\/v2\/posts\/9002"}],"collection":[{"href":"https:\/\/dgospel.com.br\/portal\/index.php\/wp-json\/wp\/v2\/posts"}],"about":[{"href":"https:\/\/dgospel.com.br\/portal\/index.php\/wp-json\/wp\/v2\/types\/post"}],"author":[{"embeddable":true,"href":"https:\/\/dgospel.com.br\/portal\/index.php\/wp-json\/wp\/v2\/users\/2"}],"replies":[{"embeddable":true,"href":"https:\/\/dgospel.com.br\/portal\/index.php\/wp-json\/wp\/v2\/comments?post=9002"}],"version-history":[{"count":1,"href":"https:\/\/dgospel.com.br\/portal\/index.php\/wp-json\/wp\/v2\/posts\/9002\/revisions"}],"predecessor-version":[{"id":9004,"href":"https:\/\/dgospel.com.br\/portal\/index.php\/wp-json\/wp\/v2\/posts\/9002\/revisions\/9004"}],"wp:featuredmedia":[{"embeddable":true,"href":"https:\/\/dgospel.com.br\/portal\/index.php\/wp-json\/wp\/v2\/media\/9003"}],"wp:attachment":[{"href":"https:\/\/dgospel.com.br\/portal\/index.php\/wp-json\/wp\/v2\/media?parent=9002"}],"wp:term":[{"taxonomy":"category","embeddable":true,"href":"https:\/\/dgospel.com.br\/portal\/index.php\/wp-json\/wp\/v2\/categories?post=9002"},{"taxonomy":"post_tag","embeddable":true,"href":"https:\/\/dgospel.com.br\/portal\/index.php\/wp-json\/wp\/v2\/tags?post=9002"}],"curies":[{"name":"wp","href":"https:\/\/api.w.org\/{rel}","templated":true}]}}