{"id":9008,"date":"2021-07-30T10:59:25","date_gmt":"2021-07-30T13:59:25","guid":{"rendered":"http:\/\/dgospel.com.br\/portal\/?p=9008"},"modified":"2021-07-30T10:59:27","modified_gmt":"2021-07-30T13:59:27","slug":"barroso-diz-que-apontar-fraude-e-nao-aceitar-a-democracia","status":"publish","type":"post","link":"https:\/\/dgospel.com.br\/portal\/index.php\/2021\/07\/30\/barroso-diz-que-apontar-fraude-e-nao-aceitar-a-democracia\/","title":{"rendered":"Barroso diz que apontar fraude \u00e9 \u201cn\u00e3o aceitar a democracia\u201d"},"content":{"rendered":"\n<p> Nesta quinta-feira (29), dia em que o presidente\u00a0<a rel=\"noreferrer noopener\" href=\"https:\/\/pleno.news\/tag\/jair-bolsonaro\" target=\"_blank\">Jair Bolsonaro<\/a>\u00a0prometeu revelar provas de que houve fraude nas elei\u00e7\u00f5es de 2014,\u00a0<a rel=\"noreferrer noopener\" href=\"https:\/\/pleno.news\/tag\/barroso\" target=\"_blank\">Lu\u00eds Roberto Barroso<\/a>\u00a0fez novas cr\u00edticas ao voto impresso audit\u00e1vel. <\/p>\n\n\n\n<p> Na inaugura\u00e7\u00e3o da nova sede do Tribunal Regional Eleitoral do Acre (TRE-AC), o magistrado, sem citar diretamente o nome de Bolsonaro, afirmou que \u201co discurso de que, se eu perder houve fraude, \u00e9 um discurso de quem n\u00e3o aceita a democracia\u201d. <\/p>\n\n\n\n<p>\u2013 Este \u00e9 um sistema que consagra a democracia, porque uma das caracter\u00edsticas da democracia \u00e9 a altern\u00e2ncia de poder. \u00c9 reconhecer a possibilidade que o outro, que pensa diferente de mim, possa ganhar. \u00c9 isso que \u00e9 a democracia. Portanto, o discurso de que, se eu perder, houve fraude, \u00e9 um discurso de quem n\u00e3o aceita a democracia \u2013 afirmou Barroso.<\/p>\n\n\n\n<p>O presidente do TSE mencionou que as urnas eletr\u00f4nicas elegeram tanto Jair Bolsonaro quanto Fernando Henrique Cardoso, Lu\u00eds In\u00e1cio Lula da Silva e Dilma Rousseff, garantindo que diferentes espectros ideol\u00f3gicos governassem o pa\u00eds.<\/p>\n\n\n\n<p>Barroso emendou, ainda sem citar nomes, que \u201cuma causa que precise de \u00f3dio, mentira, desinforma\u00e7\u00e3o, agressividade e grosseria n\u00e3o pode ser uma causa boa\u201d.<\/p>\n\n\n\n<p>Tamb\u00e9m nesta quinta, o presidente Jair Bolsonaro acusou Barroso de ser \u201ccontra a democracia\u201d por querer impedir a ado\u00e7\u00e3o do voto impresso e audit\u00e1vel.<\/p>\n\n\n\n<p>\u2013 Qual \u00e9 o poder de convencimento do \u201cSeu Barroso\u201d? O que brilha nos olhos dele? Acho que todos n\u00f3s queremos ter esse poder de convencimento dele para dentro do Parlamento. [\u2026] Eles n\u00e3o querem o voto democr\u00e1tico. Eles s\u00e3o contra a democracia \u2013 disse Bolsonaro a apoiadores.<\/p>\n","protected":false},"excerpt":{"rendered":"<p>Nesta quinta-feira (29), dia em que o presidente\u00a0Jair Bolsonaro\u00a0prometeu revelar provas de que houve fraude nas elei\u00e7\u00f5es de 2014,\u00a0Lu\u00eds Roberto Barroso\u00a0fez novas cr\u00edticas ao voto impresso audit\u00e1vel. Na inaugura\u00e7\u00e3o da nova sede do Tribunal Regional Eleitoral do Acre (TRE-AC), o magistrado, sem citar diretamente o nome de Bolsonaro, afirmou que \u201co discurso de que, se [&hellip;]<\/p>\n","protected":false},"author":2,"featured_media":9009,"comment_status":"open","ping_status":"open","sticky":false,"template":"","format":"standard","meta":[],"categories":[4],"tags":[],"_links":{"self":[{"href":"https:\/\/dgospel.com.br\/portal\/index.php\/wp-json\/wp\/v2\/posts\/9008"}],"collection":[{"href":"https:\/\/dgospel.com.br\/portal\/index.php\/wp-json\/wp\/v2\/posts"}],"about":[{"href":"https:\/\/dgospel.com.br\/portal\/index.php\/wp-json\/wp\/v2\/types\/post"}],"author":[{"embeddable":true,"href":"https:\/\/dgospel.com.br\/portal\/index.php\/wp-json\/wp\/v2\/users\/2"}],"replies":[{"embeddable":true,"href":"https:\/\/dgospel.com.br\/portal\/index.php\/wp-json\/wp\/v2\/comments?post=9008"}],"version-history":[{"count":1,"href":"https:\/\/dgospel.com.br\/portal\/index.php\/wp-json\/wp\/v2\/posts\/9008\/revisions"}],"predecessor-version":[{"id":9010,"href":"https:\/\/dgospel.com.br\/portal\/index.php\/wp-json\/wp\/v2\/posts\/9008\/revisions\/9010"}],"wp:featuredmedia":[{"embeddable":true,"href":"https:\/\/dgospel.com.br\/portal\/index.php\/wp-json\/wp\/v2\/media\/9009"}],"wp:attachment":[{"href":"https:\/\/dgospel.com.br\/portal\/index.php\/wp-json\/wp\/v2\/media?parent=9008"}],"wp:term":[{"taxonomy":"category","embeddable":true,"href":"https:\/\/dgospel.com.br\/portal\/index.php\/wp-json\/wp\/v2\/categories?post=9008"},{"taxonomy":"post_tag","embeddable":true,"href":"https:\/\/dgospel.com.br\/portal\/index.php\/wp-json\/wp\/v2\/tags?post=9008"}],"curies":[{"name":"wp","href":"https:\/\/api.w.org\/{rel}","templated":true}]}}