{"id":901,"date":"2018-08-06T08:41:34","date_gmt":"2018-08-06T11:41:34","guid":{"rendered":"http:\/\/dgospel.com.br\/portal\/?p=901"},"modified":"2018-08-06T08:41:34","modified_gmt":"2018-08-06T11:41:34","slug":"confirmado-candidato-a-reeleicao-carlesse-reafirma-compromisso-de-melhorar-a-vida-do-povo","status":"publish","type":"post","link":"https:\/\/dgospel.com.br\/portal\/index.php\/2018\/08\/06\/confirmado-candidato-a-reeleicao-carlesse-reafirma-compromisso-de-melhorar-a-vida-do-povo\/","title":{"rendered":"Confirmado candidato \u00e0 reelei\u00e7\u00e3o Carlesse reafirma compromisso de melhorar a vida do povo"},"content":{"rendered":"<p>Aclamado por um grande p\u00fablico presente na conven\u00e7\u00e3o do Partido Humanista da Solidariedade (PHS), neste s\u00e1bado, 3, na Assembleia Legislativa, Mauro Carlesse confirmou seu nome \u00e0 reelei\u00e7\u00e3o ao Governo do Tocantins. Tamb\u00e9m foi confirmado o nome de Wanderlei Barbosa como candidato a vice-governador. Tamb\u00e9m comp\u00f5em a chapa majorit\u00e1ria Siqueira Campos (DEM) e C\u00e9sar Halum (PRB) como candidatos ao Senado Federal. O ex-deputado federal Eduardo Gomes (SD) ser\u00e1 o primeiro suplente de Siqueira Campos, e o empres\u00e1rio Darci Garcia da Rocha, o primeiro suplente de C\u00e9sar Halum.<\/p>\n<p>&nbsp;<\/p>\n<p>A conven\u00e7\u00e3o iniciou com um momento ecum\u00eanico comandado pelo deputado estadual e pastor Eli Borges (Pros) que aben\u00e7oou o palco composto por prefeitos, vereadores, lideran\u00e7as pol\u00edticas, candidatos a deputado estadual e federal, al\u00e9m do secret\u00e1rio nacional do PHS, Osmar Dias. \u201cA minha candidatura vem oferecer \u00e0 popula\u00e7\u00e3o um caminho seguro. N\u00e3o vou prometer nada que n\u00e3o seja poss\u00edvel fazer. Vamos cuidar da infraestrutura, manter a seguran\u00e7a p\u00fablica, a sa\u00fade em dia e a educa\u00e7\u00e3o funcionando bem. Venho para oferecer um caminho que vai oferecer ao povo a op\u00e7\u00e3o de uma vida melhor\u201d, disse o governador Mauro Carlesse, agora candidato \u00e0 reelei\u00e7\u00e3o.<\/p>\n<p>&nbsp;<\/p>\n<p>Mauro Carlesse tamb\u00e9m falou de seu maior desafio como governador nos pr\u00f3ximos 4 anos que \u00e9 industrializar o Tocantins. \u201cVamos dar as condi\u00e7\u00f5es e os incentivos necess\u00e1rios para as empresas se instalarem aqui. Com mais ind\u00fastrias teremos mais empregos e mais riquezas para a nossa gente. Condi\u00e7\u00f5es que dar\u00e3o dignidade para as fam\u00edlias e \u00e9 por isso que estou aqui me colocando mais uma vez a disposi\u00e7\u00e3o de voc\u00eas\u201d, disse o governador.<\/p>\n<p>Vice-governador<\/p>\n<p>Wanderlei Barbosa, confirmado candidato a vice-governador de Mauro Carlesse, disse que a confirma\u00e7\u00e3o da chapa para a elei\u00e7\u00e3o de outubro \u00e9 o resultado da grande vit\u00f3ria na elei\u00e7\u00e3o suplementar, quando a dupla obteve 75% dos votos v\u00e1lidos, e tamb\u00e9m o grande do trabalho feito em t\u00e3o pouco tempo. \u201cN\u00f3s temos a credibilidade do povo tocantinense. \u00c9 um projeto com as portas do gabinete abertas e n\u00f3s vamos para as ruas dizer que o que queremos \u00e9 melhorar a vida do povo\u201d, disse o vice-governador lembrando as melhorias conquistadas na sa\u00fade, na infraestrutura e no funcionalismo p\u00fablico em pouco tempo de gest\u00e3o.<\/p>\n<p><strong>Perfil Mauro Carlesse<\/strong><\/p>\n<p>&nbsp;<\/p>\n<p>Mauro Carlesse tem 58 anos e nasceu no munic\u00edpio de Terra Boa (PR). No Tocantins, ocupou-se como empres\u00e1rio e agropecuarista. Iniciou a carreira pol\u00edtica ao se filiar ao Partido Verde (PV) em 2011, quando ent\u00e3o j\u00e1 exercia a presid\u00eancia do Sindicato Rural de Gurupi. Foi candidato a prefeito daquela cidade nas elei\u00e7\u00f5es de 2012. Em 2013, filiou-se ao Partido Trabalhista Brasileiro (PTB) e candidatou-se a deputado estadual em 2014, conquistando uma vaga para a 8\u00aa Legislatura. Em 2016, Mauro Carlesse se filiou ao PHS e foi eleito presidente da Assembleia Legislativa para o bi\u00eanio 2017\/2019.<\/p>\n<p>&nbsp;<\/p>\n<p>Com a cassa\u00e7\u00e3o do governador e vice-governadora do Tocantins pelo Tribunal Superior Eleitoral (TSE), Carlesse foi oficiado para assumir interinamente o Executivo estadual no m\u00eas de mar\u00e7o deste ano. Ap\u00f3s elei\u00e7\u00e3o suplementar, realizada no m\u00eas de junho, Mauro Carlesse foi eleito em segundo turno com uma ampla vit\u00f3ria de mais de 75% dos votos v\u00e1lidos. Atualmente \u00e9 governador eleito do Tocantins com mandato at\u00e9 31 de dezembro de 2018.<\/p>\n<p>&nbsp;<\/p>\n<p><strong>Perfil Wanderlei Barbosa<\/strong><\/p>\n<p>&nbsp;<\/p>\n<p>Wanderlei Barbosa Castro \u00e9 natural de Porto Nacional (TO), onde se elegeu vereador em 1989. Em 1996, foi eleito vereador na Capital, sendo reeleito em 2010. Foi presidente da C\u00e2mara Municipal de Palmas nos bi\u00eanios de 2003\/2004 e de 2009\/2010. Foi, tamb\u00e9m, subprefeito de Taquaru\u00e7u na \u00e9poca de sua emancipa\u00e7\u00e3o. Em 2010, conquistou seu primeiro mandato de deputado estadual, sendo reeleito em 2014. Atualmente \u00e9 filiado ao PHS e vice-governador do Estado do Tocantins, tendo sido eleito no pleito suplementar de junho deste ano na chapa de Mauro Carlesse.<\/p>\n<p>&nbsp;<\/p>\n<p>Candidatos ao Senado, Siqueira e Halum apontam Carlesse como \u201cl\u00edder extraordin\u00e1rio\u201d e \u201cexemplo de governador\u201d<\/p>\n<p>Oficializados por suas respectivas siglas partid\u00e1rias como candidatos ao Senado na coliga\u00e7\u00e3o que se forma em torno da candidatura \u00e0 reelei\u00e7\u00e3o de Mauro Carlesse (PHS) ao Governo do Estado, o ex-governador Siqueira Campos (DEM) e o deputado federal Cesar Halum (PRB) foram oficialmente apresentados na composi\u00e7\u00e3o majorit\u00e1ria durante a conven\u00e7\u00e3o do Partido Humanista da Solidariedade (PHS) no in\u00edcio da noite deste s\u00e1bado, 4, na Assembleia Legislativa, em Palmas.<\/p>\n<p>Aos milhares de militantes e apoiadores que lotaram o audit\u00f3rio e o hall do Parlamento ao longo de todo o dia, os candidatos ao Senado enfatizaram seu empenho na defesa do desenvolvimento do Tocantins e a uni\u00e3o entre si para, no Congresso, ver aprovados os projetos de interesse do Estado.<\/p>\n<p>Em seu discurso, Siqueira Campos defendeu bandeiras de fortalecimento da infraestrutura log\u00edstica, como as ferrovias Norte\/Sul e Leste\/Oeste e o derrocamento do Pedral do Louren\u00e7o, fundamentais para interligar, pelos modais ferrovi\u00e1rio e hidrovi\u00e1rio, o Tocantins \u00e0s demais regi\u00f5es do Brasil e ao mundo, facilitando o escoamento da produ\u00e7\u00e3o e, consequentemente, atraindo investimentos.<\/p>\n<p>De modo enf\u00e1tico, o ex-governador defendeu sua candidatura a senador e tamb\u00e9m a reelei\u00e7\u00e3o de Carlesse. \u201cEu quero dizer para voc\u00eas que eu ainda estou bastante competitivo, gra\u00e7as a Deus! Governador, espere sempre a minha colabora\u00e7\u00e3o, estarei de cora\u00e7\u00e3o aberto, com a melhor boa vontade, porque eu lhe conheci pelos seus atos. Esse \u00e9 um l\u00edder extraordin\u00e1rio, que veio de presente de Deus para o Tocantins\u201d, disse a Carlesse.<\/p>\n<p>C\u00e9sar Halum, por sua vez, considerou que o eleitor que votou em Carlesse ao Governo na elei\u00e7\u00e3o suplementar, no final do m\u00eas de junho, deve votar novamente no pleito de outubro, para manter a estabilidade conquistada, e que n\u00e3o pode ser amea\u00e7ada, principalmente, por ser uma candidatura que representa o desenvolvimento. \u201cEle ser\u00e1 um exemplo de governador. Um exemplo de gest\u00e3o eficiente e boa para o Tocantins\u201d, destacou.<\/p>\n<p>O candidato tamb\u00e9m frisou a import\u00e2ncia de sua elei\u00e7\u00e3o e da elei\u00e7\u00e3o de Siqueira Campos ao Senado. \u201cEstamos nessa caminhada juntos. Quero dizer a voc\u00eas que l\u00e1 no Senado, eu e o Siqueira seremos, al\u00e9m de companheiros, unidos para o trabalho. Eu quero pedir a cada um dos meus amigos, aos meus eleitores, o voto \u2018casado\u2019: Cesar, Siqueira e Carlesse\u201d.<\/p>\n<p>&nbsp;<\/p>\n<p>&nbsp;<\/p>\n","protected":false},"excerpt":{"rendered":"<p>Aclamado por um grande p\u00fablico presente na conven\u00e7\u00e3o do Partido Humanista da Solidariedade (PHS), neste s\u00e1bado, 3, na Assembleia Legislativa, Mauro Carlesse confirmou seu nome \u00e0 reelei\u00e7\u00e3o ao Governo do Tocantins. Tamb\u00e9m foi confirmado o nome de Wanderlei Barbosa como candidato a vice-governador. Tamb\u00e9m comp\u00f5em a chapa majorit\u00e1ria Siqueira Campos (DEM) e C\u00e9sar Halum (PRB) [&hellip;]<\/p>\n","protected":false},"author":2,"featured_media":902,"comment_status":"open","ping_status":"open","sticky":false,"template":"","format":"standard","meta":[],"categories":[2,4],"tags":[],"_links":{"self":[{"href":"https:\/\/dgospel.com.br\/portal\/index.php\/wp-json\/wp\/v2\/posts\/901"}],"collection":[{"href":"https:\/\/dgospel.com.br\/portal\/index.php\/wp-json\/wp\/v2\/posts"}],"about":[{"href":"https:\/\/dgospel.com.br\/portal\/index.php\/wp-json\/wp\/v2\/types\/post"}],"author":[{"embeddable":true,"href":"https:\/\/dgospel.com.br\/portal\/index.php\/wp-json\/wp\/v2\/users\/2"}],"replies":[{"embeddable":true,"href":"https:\/\/dgospel.com.br\/portal\/index.php\/wp-json\/wp\/v2\/comments?post=901"}],"version-history":[{"count":1,"href":"https:\/\/dgospel.com.br\/portal\/index.php\/wp-json\/wp\/v2\/posts\/901\/revisions"}],"predecessor-version":[{"id":903,"href":"https:\/\/dgospel.com.br\/portal\/index.php\/wp-json\/wp\/v2\/posts\/901\/revisions\/903"}],"wp:featuredmedia":[{"embeddable":true,"href":"https:\/\/dgospel.com.br\/portal\/index.php\/wp-json\/wp\/v2\/media\/902"}],"wp:attachment":[{"href":"https:\/\/dgospel.com.br\/portal\/index.php\/wp-json\/wp\/v2\/media?parent=901"}],"wp:term":[{"taxonomy":"category","embeddable":true,"href":"https:\/\/dgospel.com.br\/portal\/index.php\/wp-json\/wp\/v2\/categories?post=901"},{"taxonomy":"post_tag","embeddable":true,"href":"https:\/\/dgospel.com.br\/portal\/index.php\/wp-json\/wp\/v2\/tags?post=901"}],"curies":[{"name":"wp","href":"https:\/\/api.w.org\/{rel}","templated":true}]}}