{"id":9017,"date":"2021-07-30T11:29:26","date_gmt":"2021-07-30T14:29:26","guid":{"rendered":"http:\/\/dgospel.com.br\/portal\/?p=9017"},"modified":"2021-07-30T11:29:28","modified_gmt":"2021-07-30T14:29:28","slug":"emprego-brasil-cria-309-114-postos-formais-em-junho-aponta-caged","status":"publish","type":"post","link":"https:\/\/dgospel.com.br\/portal\/index.php\/2021\/07\/30\/emprego-brasil-cria-309-114-postos-formais-em-junho-aponta-caged\/","title":{"rendered":"Emprego: Brasil cria 309.114 postos formais em junho, aponta Caged"},"content":{"rendered":"\n<p>O Brasil abriu 309.114 empregos formais (com carteira assinada) em junho deste ano, segundo o Novo Caged (Cadastro Geral de Empregados e Desempregados). O resultado foi divulgado nesta quinta-feira (29) pela Secretaria Especial de Previd\u00eancia e Trabalho.<\/p>\n\n\n\n<p>Esse resultado decorreu de 1.601.001 admiss\u00f5es e de 1.291.887 desligamentos.<\/p>\n\n\n\n<p>&#8220;O estoque, que \u00e9 a quantidade total de trabalhadores no regime CLT (Consolida\u00e7\u00e3o das Leis do Trabalho), os chamados celetistas, ativos, em junho de 2021 contabilizou 40.899.685 v\u00ednculos.&#8221;<\/p>\n\n\n\n<p>O ano de 2021 registra saldo de 1.536.717 empregos, decorrente de 9.588.085 admiss\u00f5es e 8.051.368 desligamentos.<\/p>\n\n\n\n<p>No acumulado de janeiro a junho de 2021, foram criados 1.536.717 postos de trabalho. No primeiro semestre do ano passado, foi registrada uma queda de 1.198.363 na abertura de novas vagas formais.<\/p>\n\n\n\n<p>Na compara\u00e7\u00e3o com junho de 2020 a julho de 2021, houve tamb\u00e9m houve aumento nas admiss\u00f5es: foram de 956.300 para 1.601.001. No per\u00edodo, tamb\u00e9m foi registrado crescimento nos desligamentos: 986.748 para 1.291.887.<\/p>\n\n\n\n<p><strong>Pedidos de seguro-desemprego caem em um ano<\/strong><\/p>\n\n\n\n<p>Os dados do Caged ainda apontam uma queda nos pedidos de seguro-desemprego. Os requerimentos passaram de 653.174 em junho de 2020 para 483.233 em junho de 2021.<\/p>\n\n\n\n<p>Na compara\u00e7\u00e3o com o m\u00eas anterior, tamb\u00e9m houve uma diminui\u00e7\u00e3o nos pedidos. Foram de 527.069 para 483.233.<\/p>\n\n\n\n<p><strong>Secret\u00e1rio comemora retomada da economia<\/strong><\/p>\n\n\n\n<p>Em seu primeiro dia como secret\u00e1rio executivo do Minist\u00e9rio do Trabalho, Bruno Bianco, comemorou os dados positivos do Caged.<\/p>\n\n\n\n<p>&#8220;Estamos chegando ao final de uma crise grav\u00edssima, sem precedentes e o Brasil est\u00e1 mostrando a sua resili\u00eancia no mercado de trabalho e mostrando seu acerto em suas pol\u00edticas econ\u00f4micas voltadas ao emprego e \u00e0 previd\u00eancia social&#8221;, disse Bianco.<\/p>\n\n\n\n<p>Bianco tamb\u00e9m falou sobre os pr\u00f3ximos desafios do Minist\u00e9rio do Trabalho que &#8220;j\u00e1 est\u00e3o mapeados&#8221;.<\/p>\n\n\n\n<p>&#8220;Endere\u00e7aremos formaliza\u00e7\u00e3o para aqueles que foram chamados de invis\u00edveis. Ser\u00e1 destinada uma renda fixa para essas pessoas e daremos o primeiro trabalho. N\u00f3s teremos como palavra de ordem desse minist\u00e9rio a gera\u00e7\u00e3o de oportunidades.&#8221; (Bruno Bianco)<\/p>\n\n\n\n<p>Segundo ele, &#8220;todos os brasileiros ter\u00e3o sua respectiva caixinha dentro de uma formaliza\u00e7\u00e3o no Brasil&#8221;.<\/p>\n\n\n\n<p>&#8220;Empregados formais na CLT e informais em novas formas de contrata\u00e7\u00e3o. Mais simples, menos burocr\u00e1ticas e com a absoluta seguran\u00e7a jur\u00eddica podendo aproximar ambas as atividades e com o menor custo de contrata\u00e7\u00e3o&#8221;, frisou.<\/p>\n\n\n\n<p><em>Fonte: R7 \/ Foto: Ag\u00eancia Brasil&nbsp;<\/em><\/p>\n","protected":false},"excerpt":{"rendered":"<p>O Brasil abriu 309.114 empregos formais (com carteira assinada) em junho deste ano, segundo o Novo Caged (Cadastro Geral de Empregados e Desempregados). O resultado foi divulgado nesta quinta-feira (29) pela Secretaria Especial de Previd\u00eancia e Trabalho. Esse resultado decorreu de 1.601.001 admiss\u00f5es e de 1.291.887 desligamentos. &#8220;O estoque, que \u00e9 a quantidade total de [&hellip;]<\/p>\n","protected":false},"author":2,"featured_media":9018,"comment_status":"open","ping_status":"open","sticky":false,"template":"","format":"standard","meta":[],"categories":[4],"tags":[14],"_links":{"self":[{"href":"https:\/\/dgospel.com.br\/portal\/index.php\/wp-json\/wp\/v2\/posts\/9017"}],"collection":[{"href":"https:\/\/dgospel.com.br\/portal\/index.php\/wp-json\/wp\/v2\/posts"}],"about":[{"href":"https:\/\/dgospel.com.br\/portal\/index.php\/wp-json\/wp\/v2\/types\/post"}],"author":[{"embeddable":true,"href":"https:\/\/dgospel.com.br\/portal\/index.php\/wp-json\/wp\/v2\/users\/2"}],"replies":[{"embeddable":true,"href":"https:\/\/dgospel.com.br\/portal\/index.php\/wp-json\/wp\/v2\/comments?post=9017"}],"version-history":[{"count":1,"href":"https:\/\/dgospel.com.br\/portal\/index.php\/wp-json\/wp\/v2\/posts\/9017\/revisions"}],"predecessor-version":[{"id":9019,"href":"https:\/\/dgospel.com.br\/portal\/index.php\/wp-json\/wp\/v2\/posts\/9017\/revisions\/9019"}],"wp:featuredmedia":[{"embeddable":true,"href":"https:\/\/dgospel.com.br\/portal\/index.php\/wp-json\/wp\/v2\/media\/9018"}],"wp:attachment":[{"href":"https:\/\/dgospel.com.br\/portal\/index.php\/wp-json\/wp\/v2\/media?parent=9017"}],"wp:term":[{"taxonomy":"category","embeddable":true,"href":"https:\/\/dgospel.com.br\/portal\/index.php\/wp-json\/wp\/v2\/categories?post=9017"},{"taxonomy":"post_tag","embeddable":true,"href":"https:\/\/dgospel.com.br\/portal\/index.php\/wp-json\/wp\/v2\/tags?post=9017"}],"curies":[{"name":"wp","href":"https:\/\/api.w.org\/{rel}","templated":true}]}}