{"id":9032,"date":"2021-08-01T17:59:35","date_gmt":"2021-08-01T20:59:35","guid":{"rendered":"http:\/\/dgospel.com.br\/portal\/?p=9032"},"modified":"2021-08-01T17:59:37","modified_gmt":"2021-08-01T20:59:37","slug":"justica-nega-acao-contra-dia-do-jejum-e-oracao-e-mantem-data-no-calendario-oficial-do-df","status":"publish","type":"post","link":"https:\/\/dgospel.com.br\/portal\/index.php\/2021\/08\/01\/justica-nega-acao-contra-dia-do-jejum-e-oracao-e-mantem-data-no-calendario-oficial-do-df\/","title":{"rendered":"Justi\u00e7a nega a\u00e7\u00e3o contra Dia do Jejum e Ora\u00e7\u00e3o e mant\u00e9m data no calend\u00e1rio oficial do DF"},"content":{"rendered":"\n<p>\n\nA Justi\u00e7a do Distrito Federal negou a A\u00e7\u00e3o Direta de Inconstitucionalidade (ADI), acionada pelo governador do DF Ibaneis Rocha (MDB), e decidiu que a lei que inclui o&nbsp;<strong><a href=\"https:\/\/guiame.com.br\/gospel\/noticias\/apos-embate-judicial-dia-do-jejum-e-oracao-entra-no-calendario-oficial-de-brasilia.html\">Dia da Ora\u00e7\u00e3o e Jejum<\/a><\/strong>&nbsp;no calend\u00e1rio de Bras\u00edlia \u00e9 constitucional.\n\n<\/p>\n\n\n\n<figure class=\"wp-block-image\"><img src=\"https:\/\/thumbor.guiame.com.br\/unsafe\/840x500\/top\/smart\/https:\/\/media.guiame.com.br\/archives\/2021\/07\/30\/981335231-dia-do-jejum-e-oracao.jpg\" alt=\"O Dia da Ora\u00e7\u00e3o e Jejum \u00e9 celebrado no dia 12 de outubro, no Distrito Federal. (Foto: Gabriella Clare Marino\/Unplash).  \"\/><figcaption>O Dia da Ora\u00e7\u00e3o e Jejum \u00e9 celebrado no dia 12 de outubro, no Distrito Federal. (Foto: Gabriella Clare Marino\/Unplash).<\/figcaption><\/figure>\n\n\n\n<p>A data, comemorada no dia 12 de outubro, foi promulgada pelo presidente da C\u00e2mara Legislativa do DF, Rafael Prudente (MDB), em junho de 2020. O projeto de lei que cria o &#8220;Dia do Jejum, da Ora\u00e7\u00e3o, do Arrependimento e do Perd\u00e3o para a Gl\u00f3ria de Deus&#8221; \u00e9 de autoria do deputado Valdelino Barcelos (Progressistas).&nbsp;<\/p>\n\n\n\n<p>Anteriormente, a PL j\u00e1 havia sido vetada pelo governador Ibaneis. Na a\u00e7\u00e3o contra a implanta\u00e7\u00e3o da data, Ibaneis, atrav\u00e9s da Procuradoria do Distrito Federal, alegou que a cria\u00e7\u00e3o do Dia do Jejum e Ora\u00e7\u00e3o &#8220;ofende o princ\u00edpio da laicidade do Estado&#8221; e implica, &#8220;indevida subven\u00e7\u00e3o [incentivo] a culto religioso, a pretexto de inclus\u00e3o de evento no calend\u00e1rio oficial&#8221;, o que, segundo o processo, \u00e9 vedado pela Lei Org\u00e2nica do DF.<\/p>\n\n\n\n<p>Para o desembargador Jos\u00e9 Cruz Macedo, &#8220;n\u00e3o h\u00e1 inconstitucionalidade a ser reconhecida na norma distrital&#8221; e que &#8220;n\u00e3o atenta contra a laicidade estatal nem subvenciona indevidamente culto religioso, a exemplo do que ocorre em v\u00e1rias outras comemora\u00e7\u00f5es&#8221;.<\/p>\n\n\n\n<p>&#8220;A toler\u00e2ncia [a atos religiosos] n\u00e3o torna o Estado clerical, tampouco fere interesses daqueles que n\u00e3o professam qualquer tipo de f\u00e9, ou, ainda, daqueles que n\u00e3o se identificam com a cren\u00e7a referida em evento religioso espec\u00edfico\u201d, explicou o magistrado.<\/p>\n\n\n\n<p>De acordo com o autor da PL, deputado Valdelino Barcelos, o prop\u00f3sito da data \u00e9 &#8220;consagrar a pr\u00e1tica do jejum e da&nbsp;<strong><a href=\"https:\/\/guiame.com.br\/gospel\/mundo-cristao\/pastor-chama-igrejas-para-campanha-de-oracao-pelo-brasil-e-tempo-de-se-posicionar.html\">ora\u00e7\u00e3o<\/a><\/strong>&#8220;.&nbsp;<\/p>\n\n\n\n<p>&#8220;Um dia a ser comemorado para refletirmos sobre as nossas vidas, dos nossos irm\u00e3os, para desejarmos b\u00ean\u00e7\u00e3os, solicitarmos prote\u00e7\u00e3o, paz, implorarmos perd\u00e3o e luz para todos presentes em nosso meio social\u201d, afirmou o deputado.<\/p>\n\n\n\n<p>Barcelos tamb\u00e9m destacou os benef\u00edcios da ora\u00e7\u00e3o e do jejum em tempos de pandemia. &#8220;O povo crist\u00e3o acredita na ora\u00e7\u00e3o como uma reflex\u00e3o e tamb\u00e9m uma das formas mais importantes de transmitir paz e prote\u00e7\u00e3o. Vivemos um momento \u00fanico, onde a ora\u00e7\u00e3o tem sido o conforto, o equil\u00edbrio e porto seguro de muita gente\u201d, declarou.<\/p>\n","protected":false},"excerpt":{"rendered":"<p>A Justi\u00e7a do Distrito Federal negou a A\u00e7\u00e3o Direta de Inconstitucionalidade (ADI), acionada pelo governador do DF Ibaneis Rocha (MDB), e decidiu que a lei que inclui o&nbsp;Dia da Ora\u00e7\u00e3o e Jejum&nbsp;no calend\u00e1rio de Bras\u00edlia \u00e9 constitucional. A data, comemorada no dia 12 de outubro, foi promulgada pelo presidente da C\u00e2mara Legislativa do DF, Rafael [&hellip;]<\/p>\n","protected":false},"author":2,"featured_media":9033,"comment_status":"open","ping_status":"open","sticky":false,"template":"","format":"standard","meta":[],"categories":[5],"tags":[],"_links":{"self":[{"href":"https:\/\/dgospel.com.br\/portal\/index.php\/wp-json\/wp\/v2\/posts\/9032"}],"collection":[{"href":"https:\/\/dgospel.com.br\/portal\/index.php\/wp-json\/wp\/v2\/posts"}],"about":[{"href":"https:\/\/dgospel.com.br\/portal\/index.php\/wp-json\/wp\/v2\/types\/post"}],"author":[{"embeddable":true,"href":"https:\/\/dgospel.com.br\/portal\/index.php\/wp-json\/wp\/v2\/users\/2"}],"replies":[{"embeddable":true,"href":"https:\/\/dgospel.com.br\/portal\/index.php\/wp-json\/wp\/v2\/comments?post=9032"}],"version-history":[{"count":1,"href":"https:\/\/dgospel.com.br\/portal\/index.php\/wp-json\/wp\/v2\/posts\/9032\/revisions"}],"predecessor-version":[{"id":9034,"href":"https:\/\/dgospel.com.br\/portal\/index.php\/wp-json\/wp\/v2\/posts\/9032\/revisions\/9034"}],"wp:featuredmedia":[{"embeddable":true,"href":"https:\/\/dgospel.com.br\/portal\/index.php\/wp-json\/wp\/v2\/media\/9033"}],"wp:attachment":[{"href":"https:\/\/dgospel.com.br\/portal\/index.php\/wp-json\/wp\/v2\/media?parent=9032"}],"wp:term":[{"taxonomy":"category","embeddable":true,"href":"https:\/\/dgospel.com.br\/portal\/index.php\/wp-json\/wp\/v2\/categories?post=9032"},{"taxonomy":"post_tag","embeddable":true,"href":"https:\/\/dgospel.com.br\/portal\/index.php\/wp-json\/wp\/v2\/tags?post=9032"}],"curies":[{"name":"wp","href":"https:\/\/api.w.org\/{rel}","templated":true}]}}